{"id":1953,"date":"2026-06-05T05:35:24","date_gmt":"2026-06-04T21:35:24","guid":{"rendered":"https:\/\/regencargobikes.com\/porsche-exits-ebike-market-2026\/"},"modified":"2026-06-05T05:35:24","modified_gmt":"2026-06-04T21:35:24","slug":"porsche-exits-ebike-market-2026","status":"publish","type":"post","link":"https:\/\/regencargobikes.com\/pt\/porsche-exits-ebike-market-2026\/","title":{"rendered":"Porsche Encerra Seu Neg\u00f3cio de E-Bikes de Performance como Parte de uma Reestrutura\u00e7\u00e3o Mais Ampla"},"content":{"rendered":"<p>A Porsche est\u00e1 recuando de uma de suas apostas mais vis\u00edveis em tecnologia de e-bikes. A empresa est\u00e1 fechando a Porsche eBike Performance GmbH, a unidade constru\u00edda em torno do neg\u00f3cio de sistemas de acionamento da Fazua, adquirido em 2022.<\/p>\n<figure class=\"wp-block-image size-full\"><img decoding=\"async\" src=\"https:\/\/regencargobikes.com\/wp-content\/uploads\/2026\/06\/porsche-techcrunch-macan-getty.jpg\" alt=\"Imagem da produ\u00e7\u00e3o de ve\u00edculos el\u00e9tricos da Porsche usada na cobertura da TechCrunch sobre a reestrutura\u00e7\u00e3o da Porsche\"\/><figcaption>Fonte da imagem: TechCrunch; foto de Sebastian Gollnow\/picture alliance via Getty Images.<\/figcaption><\/figure>\n<p>A decis\u00e3o n\u00e3o se limita a e-bikes. A Porsche tamb\u00e9m est\u00e1 encerrando a Cellforce Group, uma subsidi\u00e1ria de baterias de alto desempenho, e a Cetitec, uma empresa de software. Juntos, os fechamentos afetam mais de 500 funcion\u00e1rios.<\/p>\n<p>A vers\u00e3o resumida \u00e9 esta: a Porsche est\u00e1 se reorientando para \u00e1reas de neg\u00f3cios principais depois que v\u00e1rias apostas ambiciosas em tecnologia se tornaram mais dif\u00edceis de justificar em um mercado mais frio.<\/p><div id=\"regen-3045473938\" class=\"regen-test-placement-from-wizard-2878267818 regen-entity-placement\"><script async src=\"https:\/\/pagead2.googlesyndication.com\/pagead\/js\/adsbygoogle.js?client=ca-pub-1076230867169041\"\n     crossorigin=\"anonymous\"><\/script><\/div><div id=\"regen-1635727736\" class=\"regen-test-placement-from-wizard-1604397851 regen-entity-placement\"><script async src=\"https:\/\/pagead2.googlesyndication.com\/pagead\/js\/adsbygoogle.js?client=ca-pub-1076230867169041\"\n     crossorigin=\"anonymous\"><\/script><\/div>\n<h2>O Que a Porsche Anunciou<\/h2>\n<p>Relatos da TechCrunch, BikeRadar e Bicycle Retailer and Industry News dizem que a Porsche est\u00e1 fechando tr\u00eas subsidi\u00e1rias:<\/p>\n<table>\n<thead>\n<tr>\n<th>Subsidi\u00e1ria<\/th>\n<th>\u00c1rea principal<\/th>\n<th>Locais-chave<\/th>\n<\/tr>\n<\/thead>\n<tbody>\n<tr>\n<td>Porsche eBike Performance GmbH<\/td>\n<td>Sistemas de acionamento para e-bikes<\/td>\n<td>Alemanha e Cro\u00e1cia<\/td>\n<\/tr>\n<tr>\n<td>Cellforce Group GmbH<\/td>\n<td>Desenvolvimento de baterias de alto desempenho<\/td>\n<td>Alemanha<\/td>\n<\/tr>\n<tr>\n<td>Cetitec GmbH<\/td>\n<td>Software automotivo<\/td>\n<td>Alemanha<\/td>\n<\/tr>\n<\/tbody>\n<\/table>\n<p>A Porsche eBike Performance foi criada ap\u00f3s a Porsche adquirir a Fazua, uma especialista alem\u00e3 em acionamentos para e-bikes conhecida por sistemas leves projetados para preservar uma sensa\u00e7\u00e3o de pedalada natural.<\/p>\n<p>Na \u00e9poca, a aquisi\u00e7\u00e3o parecia um compromisso s\u00e9rio com a tecnologia premium de e-bikes. A Porsche j\u00e1 tinha produtos de e-bike com sua marca em parceria com outros fabricantes, e a Fazua deu \u00e0 empresa um controle mais profundo sobre a camada de sistemas de acionamento.<\/p>\n<p>Esse cap\u00edtulo agora est\u00e1 se encerrando.<\/p>\n<h2>Por Que a Porsche Est\u00e1 Recuando<\/h2>\n<p>A Porsche descreveu o mercado de sistemas de acionamento para e-bikes como tendo mudado fundamentalmente. Em termos simples, o mercado que parecia atraente durante o boom das e-bikes tornou-se mais dif\u00edcil.<\/p>\n<p>V\u00e1rias press\u00f5es est\u00e3o atingindo a categoria ao mesmo tempo:<\/p>\n<ul>\n<li>demanda mais suave em partes da Europa<\/li>\n<li>altos estoques em toda a ind\u00fastria de bicicletas<\/li>\n<li>concorr\u00eancia mais acirrada de marcas de baixo custo<\/li>\n<li>press\u00e3o sobre produtos premium discricion\u00e1rios<\/li>\n<li>maior escrut\u00ednio sobre unidades de neg\u00f3cios n\u00e3o essenciais<\/li>\n<\/ul>\n<p>Para a Porsche, a decis\u00e3o tamb\u00e9m se encaixa em um reajuste estrat\u00e9gico mais amplo. A empresa vem revisando investimentos e reorientando recursos para \u00e1reas mais pr\u00f3ximas de seu principal neg\u00f3cio automotivo.<\/p>\n<h2>O Que Acontece com a Fazua<\/h2>\n<p>A Fazua \u00e9 o nome mais importante para muitos ciclistas de e-bike.<\/p>\n<p>Antes da aquisi\u00e7\u00e3o pela Porsche, a Fazua tinha uma forte reputa\u00e7\u00e3o em sistemas leves de e-bike, especialmente entre ciclistas que queriam assist\u00eancia sutil em vez de uma sensa\u00e7\u00e3o pesada e de alta pot\u00eancia. Isso a tornou relevante para eMTBs leves, bicicletas urbanas de desempenho e marcas que tentavam manter as e-bikes pr\u00f3ximas do manuseio de bicicletas tradicionais.<\/p>\n<p>O fechamento levanta quest\u00f5es pr\u00e1ticas para os usu\u00e1rios existentes da Fazua e para as marcas de bicicletas que dependiam do sistema:<\/p>\n<ul>\n<li>por quanto tempo o suporte de pe\u00e7as e servi\u00e7os continuar\u00e1<\/li>\n<li>se a marca ou a tecnologia da Fazua ser\u00e1 vendida<\/li>\n<li>como os clientes OEM far\u00e3o a transi\u00e7\u00e3o de modelos futuros<\/li>\n<li>se fornecedores concorrentes de sistemas de acionamento preencher\u00e3o a lacuna<\/li>\n<\/ul>\n<p>At\u00e9 os relatos citados aqui, a Porsche n\u00e3o havia detalhado publicamente um futuro de longo prazo para a Fazua como marca independente.<\/p>\n<h2>O Que Isso Significa para a Ind\u00fastria de E-Bikes<\/h2>\n<p>A sa\u00edda da Porsche n\u00e3o \u00e9 um sinal de que as e-bikes est\u00e3o desaparecendo. \u00c9 um sinal de que o mercado est\u00e1 amadurecendo.<\/p>\n<p>Durante os anos de boom, muitas empresas trataram as e-bikes como uma categoria de tecnologia de r\u00e1pido crescimento. Isso atraiu capital, aquisi\u00e7\u00f5es e planos de produto ambiciosos. Em 2026, o ambiente \u00e9 mais exigente. As marcas precisam de escala, redes de servi\u00e7o, disponibilidade de componentes e disciplina de pre\u00e7os.<\/p>\n<p>Para os ciclistas, a principal quest\u00e3o \u00e9 o suporte. Qualquer pessoa usando uma bicicleta movida pela Fazua deve ficar atenta a atualiza\u00e7\u00f5es oficiais de servi\u00e7o e orienta\u00e7\u00f5es sobre pe\u00e7as de reposi\u00e7\u00e3o.<\/p>\n<p>Para fornecedores concorrentes de sistemas de acionamento, o fechamento pode criar oportunidades. Bosch, Shimano, Brose e outros players estabelecidos podem se beneficiar se as marcas de bicicletas decidirem que precisam de suporte de longo prazo mais previs\u00edvel.<\/p>\n<p>A li\u00e7\u00e3o maior para a ind\u00fastria \u00e9 clara: o posicionamento premium n\u00e3o \u00e9 suficiente por si s\u00f3. Mesmo uma marca poderosa precisa de um caso de neg\u00f3cios sustent\u00e1vel quando margens de hardware, risco de estoque e obriga\u00e7\u00f5es de p\u00f3s-venda est\u00e3o envolvidos.<\/p>\n<h2>Fontes<\/h2>\n<ul>\n<li>TechCrunch: <a href=\"https:\/\/techcrunch.com\/2026\/05\/08\/porsche-shutters-e-bike-battery-software-subsidiaries-as-part-of-company-overhaul\/\" target=\"_blank\" rel=\"noopener\">Porsche fecha subsidi\u00e1rias de e-bike, bateria e software como parte da reestrutura\u00e7\u00e3o da empresa<\/a><\/li>\n<li>BikeRadar: <a href=\"https:\/\/www.bikeradar.com\/news\/porsche-ebike-performance-discontinued\" target=\"_blank\" rel=\"noopener\">Porsche eBike Performance descontinuada<\/a><\/li>\n<li>Bicycle Retailer and Industry News: <a href=\"https:\/\/www.bicycleretailer.com\/international\/2026\/05\/08\/porsche-closing-its-ebike-performance-group\" target=\"_blank\" rel=\"noopener\">Porsche fechando seu grupo eBike Performance<\/a><\/li>\n<\/ul>","protected":false},"excerpt":{"rendered":"<p>Porsche is shutting down Porsche eBike Performance GmbH, along with battery and software subsidiaries, as part of a wider restructuring. The move affects more than 500 employees and marks a sharp reversal from the company&#8217;s 2022 push into high-performance e-bike drive systems through Fazua.<\/p>","protected":false},"author":2,"featured_media":1951,"comment_status":"","ping_status":"","sticky":false,"template":"","format":"standard","meta":{"footnotes":""},"categories":[33],"tags":[],"class_list":["post-1953","post","type-post","status-publish","format-standard","has-post-thumbnail","hentry","category-ebike-news"],"_links":{"self":[{"href":"https:\/\/regencargobikes.com\/pt\/wp-json\/wp\/v2\/posts\/1953","targetHints":{"allow":["GET"]}}],"collection":[{"href":"https:\/\/regencargobikes.com\/pt\/wp-json\/wp\/v2\/posts"}],"about":[{"href":"https:\/\/regencargobikes.com\/pt\/wp-json\/wp\/v2\/types\/post"}],"author":[{"embeddable":true,"href":"https:\/\/regencargobikes.com\/pt\/wp-json\/wp\/v2\/users\/2"}],"replies":[{"embeddable":true,"href":"https:\/\/regencargobikes.com\/pt\/wp-json\/wp\/v2\/comments?post=1953"}],"version-history":[{"count":0,"href":"https:\/\/regencargobikes.com\/pt\/wp-json\/wp\/v2\/posts\/1953\/revisions"}],"wp:featuredmedia":[{"embeddable":true,"href":"https:\/\/regencargobikes.com\/pt\/wp-json\/wp\/v2\/media\/1951"}],"wp:attachment":[{"href":"https:\/\/regencargobikes.com\/pt\/wp-json\/wp\/v2\/media?parent=1953"}],"wp:term":[{"taxonomy":"category","embeddable":true,"href":"https:\/\/regencargobikes.com\/pt\/wp-json\/wp\/v2\/categories?post=1953"},{"taxonomy":"post_tag","embeddable":true,"href":"https:\/\/regencargobikes.com\/pt\/wp-json\/wp\/v2\/tags?post=1953"}],"curies":[{"name":"wp","href":"https:\/\/api.w.org\/{rel}","templated":true}]}}