{"id":1140,"date":"2025-05-03T17:12:39","date_gmt":"2025-05-03T09:12:39","guid":{"rendered":"https:\/\/regencargobikes.com\/?p=1140"},"modified":"2025-05-03T17:12:41","modified_gmt":"2025-05-03T09:12:41","slug":"taipei-cycle-2025-in-taiwan-china","status":"publish","type":"post","link":"https:\/\/regencargobikes.com\/sv\/taipei-cycle-2025-in-taiwan-china\/","title":{"rendered":"Taipei Cycle 2025 i Taiwan, Kina"},"content":{"rendered":"<p><br>De <strong><a href=\"https:\/\/www.taipeicycle.com.tw\/en\/news\/014A2B7E23BB4630\/info.html\" target=\"_blank\" rel=\"noopener\">Taipei cykelm\u00e4ssa 2025<\/a><\/strong> \u00e4r ett av de viktigaste evenemangen f\u00f6r den globala cykelindustrin och visar upp de senaste framstegen inom cyklar, elcyklar och mikromobilitetsl\u00f6sningar. Med \u00f6ver 980 utst\u00e4llare fr\u00e5n 35 l\u00e4nder erbjuder denna m\u00e4ssa en unik m\u00f6jlighet f\u00f6r yrkesverksamma att utforska banbrytande teknik, n\u00e4tverka med branschledare och uppt\u00e4cka h\u00e5llbara transportl\u00f6sningar. Oavsett om du \u00e4r en OEM-tillverkare, \u00e5terf\u00f6rs\u00e4ljare, stadsplanerare eller cykelentusiast \u00e4r Taipei Cycle 2025 ett m\u00e5ste f\u00f6r alla som \u00e4r intresserade av cykelns framtid.<\/p>\n\n\n\n<ul class=\"wp-block-list\">\n<li><strong>Datum:<\/strong> 26\u201329 mars 2025<\/li>\n\n\n\n<li><strong>M\u00f6tesplats:<\/strong> Taipei Nangang Exhibition Centre (TaiNEX 1 &amp; 2), Taiwan<\/li>\n\n\n\n<li><strong>Organiserad av:<\/strong> Taiwans r\u00e5d f\u00f6r extern handel och utveckling (TAITRA)<\/li>\n\n\n\n<li><strong>Utst\u00e4llare:<\/strong> Cirka 950 fr\u00e5n 35 l\u00e4nder<\/li>\n\n\n\n<li><strong>B\u00e5s:<\/strong> \u00d6ver 3 500<\/li>\n\n\n\n<li><strong>Teman:<\/strong> Smart cykling, innovationsdriv, gr\u00f6nt fram\u00e5t, cykelekosystem<\/li>\n\n\n\n<li><strong>Registreringsl\u00e4nk<\/strong>: <a href=\"https:\/\/www.taipeicycle.com.tw\/en\/menu\/3CFE9CE7F418118DD0636733C6861689\/info.html\" target=\"_blank\" rel=\"noopener\">F\u00f6rhandsregistrering f\u00f6r bes\u00f6kare i Taipei Cycle 2025<\/a><br><\/li>\n<\/ul>\n\n\n\n<h2 class=\"wp-block-heading\"><strong>Vilka b\u00f6r delta?<\/strong><\/h2>\n\n\n\n<p>Taipei Cycle Show \u00e4r idealisk f\u00f6r:<\/p>\n\n\n\n<ul class=\"wp-block-list\">\n<li><strong>OEM-tillverkare och leverant\u00f6rer<\/strong>Utforska nya komponenter och teknologier.<\/li>\n\n\n\n<li><strong>Designers och ingenj\u00f6rer<\/strong>Uppt\u00e4ck innovativa l\u00f6sningar och material.<\/li>\n\n\n\n<li><strong>Stadsplanerare och beslutsfattare<\/strong>L\u00e4r dig mer om h\u00e5llbara transportalternativ.<\/li>\n\n\n\n<li><strong>\u00c5terf\u00f6rs\u00e4ljare och distribut\u00f6rer<\/strong>Identifiera nya produkter och leverant\u00f6rer.<\/li>\n\n\n\n<li><strong>Investerare<\/strong>Hitta nya startups och teknologier.<\/li>\n\n\n\n<li><strong>Cykelentusiaster<\/strong>Upplev det senaste inom cykelinnovationer.\u00a0<\/li>\n<\/ul>\n\n\n\n<h2 class=\"wp-block-heading\"><strong>Vad du kan f\u00f6rv\u00e4nta dig<\/strong> p\u00e5 denna elcykelm\u00e4ssa<\/h2>\n\n\n\n<h3 class=\"wp-block-heading\"><strong>Elcyklar och drivenheter<\/strong><\/h3>\n\n\n\n<ul class=\"wp-block-list\">\n<li>Ledande varum\u00e4rken som <strong>J\u00e4tte<\/strong>, <strong>M\u00e9rida<\/strong>, <strong>Shimano<\/strong>och <strong>SRAM<\/strong> kommer att visa upp sina senaste elcykelsystem och komponenter.<\/li>\n\n\n\n<li>De <strong>Elcykel- och drivenheterszon<\/strong> kommer att inneh\u00e5lla banbrytande teknik inom elektriska framdrivnings- och batterisystem.\u00a0<\/li>\n<\/ul>\n\n\n\n<h3 class=\"wp-block-heading\"><strong><a href=\"https:\/\/regencargobikes.com\/sv\/rs01-e-cargo-bike\/\" data-type=\"page\" data-id=\"933\">Lastcyklar<\/a> &amp; Mikromobilitet<\/strong><\/h3>\n\n\n\n<ul class=\"wp-block-list\">\n<li>En dedikerad <strong>Lastcykel- och mikromobilitetszon<\/strong> kommer att lyfta fram urbana transportl\u00f6sningar, inklusive lastcyklar, elsparkcyklar och andra l\u00e4tta elfordon.\u00a0<\/li>\n<\/ul>\n\n\n\n<h3 class=\"wp-block-heading\"><strong> Innovation och startups<\/strong><\/h3>\n\n\n\n<p>De <strong>d&amp;i-utm\u00e4rkelser<\/strong> kommer att hedra enast\u00e5ende design i olika kategorier, inklusive h\u00e5llbarhet och innovation. \u00a0<\/p><div class=\"regen-test-placement-from-wizard-1604397851\" id=\"regen-3868827977\"><script async src=\"https:\/\/pagead2.googlesyndication.com\/pagead\/js\/adsbygoogle.js?client=ca-pub-1076230867169041\"\n     crossorigin=\"anonymous\"><\/script><\/div><div class=\"regen-test-placement-from-wizard-2878267818\" id=\"regen-1840695252\"><script async src=\"https:\/\/pagead2.googlesyndication.com\/pagead\/js\/adsbygoogle.js?client=ca-pub-1076230867169041\"\n     crossorigin=\"anonymous\"><\/script><\/div>\n\n\n\n<p>De <strong>Cykelvision<\/strong> Omr\u00e5det kommer att presentera startups och innovativa f\u00f6retag som presenterar nya produkter och koncept.<\/p>\n\n\n\n<h2 class=\"wp-block-heading\"><strong>Viktiga h\u00f6jdpunkter<\/strong><\/h2>\n\n\n\n<ul class=\"wp-block-list\">\n<li><strong>Cykeldemonstrationsomr\u00e5de<\/strong>Provk\u00f6r de senaste elcyklarna och lastcyklarna.<\/li>\n\n\n\n<li><strong>Green Forward-turn\u00e9n<\/strong>Utforska utst\u00e4llare som \u00e4r engagerade i h\u00e5llbarhet och milj\u00f6v\u00e4nliga metoder.<\/li>\n\n\n\n<li><strong>TAIPEI CYKELForum<\/strong>Delta i diskussioner om \u00e4mnen som smart cykling, innovation och framtidens mobilitet.<\/li>\n<\/ul>\n\n\n\n<h2 class=\"wp-block-heading\"><strong>Tips f\u00f6r bes\u00f6kare<\/strong><\/h2>\n\n\n\n<ul class=\"wp-block-list\">\n<li><strong>F\u00f6rhandsregistrering<\/strong>Registrera dig online i f\u00f6rv\u00e4g f\u00f6r att spara tid och s\u00e4kra din plats.<\/li>\n\n\n\n<li><strong>Planera f\u00f6r framtiden<\/strong>Granska utst\u00e4llarlistan och planl\u00f6sningen f\u00f6r att prioritera viktiga montrar.<\/li>\n\n\n\n<li><strong>Anv\u00e4nd bekv\u00e4ma skor<\/strong>R\u00e4kna med att promenera mycket under evenemanget.<\/li>\n\n\n\n<li><strong>Ta med visitkort<\/strong>Underl\u00e4tta n\u00e4tverksm\u00f6jligheter.<\/li>\n\n\n\n<li><strong>H\u00e5ll dig uppdaterad<\/strong>Ladda ner den officiella showappen f\u00f6r information och uppdateringar i realtid.\u00a0<\/li>\n<\/ul>\n\n\n\n<h2 class=\"wp-block-heading\"><strong>Restips<\/strong><\/h2>\n\n\n\n<ul class=\"wp-block-list\">\n<li><strong>Visum<\/strong>Kontrollera Taiwans visumkrav f\u00f6r ditt land.<\/li>\n\n\n\n<li><strong>Logi<\/strong>Boka hotell n\u00e4ra Taipei Nangang Exhibition Center f\u00f6r enkelhetens skull.<\/li>\n\n\n\n<li><strong>Transport<\/strong>Anv\u00e4nd Taipeis effektiva MRT-system f\u00f6r att n\u00e5 platsen.<\/li>\n\n\n\n<li><strong>Lokala sev\u00e4rdheter<\/strong>Utforska Taipeis rika kultur, mat och sev\u00e4rdheter under din vistelse.<\/li>\n<\/ul>\n\n\n\n<p><br>F\u00f6r mer information och f\u00f6r att registrera dig, bes\u00f6k <a href=\"https:\/\/www.taipeicycle.com.tw\/en\/index.html\" target=\"_blank\" rel=\"noopener\">officiell webbplats f\u00f6r Taipei Cycle Show<\/a>.<\/p>","protected":false},"excerpt":{"rendered":"<p>The Taipei Cycle Show 2025 is one of the most important events for the global cycling industry, showcasing the latest advancements in bicycles, e-bikes, and micro-mobility solutions. With over 980 exhibitors from 35 countries, this trade show offers a unique opportunity for professionals to explore cutting-edge technologies, network with industry leaders, and discover sustainable transportation [&hellip;]<\/p>\n","protected":false},"author":2,"featured_media":1142,"comment_status":"open","ping_status":"open","sticky":false,"template":"","format":"standard","meta":{"footnotes":""},"categories":[36],"tags":[45],"class_list":["post-1140","post","type-post","status-publish","format-standard","has-post-thumbnail","hentry","category-event-expo","tag-china-bike-events"],"_links":{"self":[{"href":"https:\/\/regencargobikes.com\/sv\/wp-json\/wp\/v2\/posts\/1140","targetHints":{"allow":["GET"]}}],"collection":[{"href":"https:\/\/regencargobikes.com\/sv\/wp-json\/wp\/v2\/posts"}],"about":[{"href":"https:\/\/regencargobikes.com\/sv\/wp-json\/wp\/v2\/types\/post"}],"author":[{"embeddable":true,"href":"https:\/\/regencargobikes.com\/sv\/wp-json\/wp\/v2\/users\/2"}],"replies":[{"embeddable":true,"href":"https:\/\/regencargobikes.com\/sv\/wp-json\/wp\/v2\/comments?post=1140"}],"version-history":[{"count":2,"href":"https:\/\/regencargobikes.com\/sv\/wp-json\/wp\/v2\/posts\/1140\/revisions"}],"predecessor-version":[{"id":1144,"href":"https:\/\/regencargobikes.com\/sv\/wp-json\/wp\/v2\/posts\/1140\/revisions\/1144"}],"wp:featuredmedia":[{"embeddable":true,"href":"https:\/\/regencargobikes.com\/sv\/wp-json\/wp\/v2\/media\/1142"}],"wp:attachment":[{"href":"https:\/\/regencargobikes.com\/sv\/wp-json\/wp\/v2\/media?parent=1140"}],"wp:term":[{"taxonomy":"category","embeddable":true,"href":"https:\/\/regencargobikes.com\/sv\/wp-json\/wp\/v2\/categories?post=1140"},{"taxonomy":"post_tag","embeddable":true,"href":"https:\/\/regencargobikes.com\/sv\/wp-json\/wp\/v2\/tags?post=1140"}],"curies":[{"name":"wp","href":"https:\/\/api.w.org\/{rel}","templated":true}]}}