{"id":1145,"date":"2025-05-03T17:19:43","date_gmt":"2025-05-03T09:19:43","guid":{"rendered":"https:\/\/regencargobikes.com\/?p=1145"},"modified":"2025-05-07T21:31:08","modified_gmt":"2025-05-07T13:31:08","slug":"2025-austin-cargo-bike-festival","status":"publish","type":"post","link":"https:\/\/regencargobikes.com\/sv\/2025-austin-cargo-bike-festival\/","title":{"rendered":"Austin Cargo Bike Festival 2025"},"content":{"rendered":"<p>De <strong>Austin Cargo Bike Festival 2025<\/strong> erbjuder en chans att sj\u00e4lv uppleva de praktiska f\u00f6rdelarna med lastcyklar och l\u00e4tta transportl\u00f6sningar i stadsmilj\u00f6er. Evenemanget \u00e4ger rum den <strong>L\u00f6rdagen den 3 maj 2025<\/strong>, fr\u00e5n <strong>11.00 till 15.00<\/strong> p\u00e5 <strong>900 Springdale Road, Austin, TX<\/strong>Detta evenemang \u00e4r gratis f\u00f6r allm\u00e4nheten och fokuserar p\u00e5 verkliga till\u00e4mpningar av lastcyklar och mikromobilitetsl\u00f6sningar f\u00f6r stadslivet.<\/p>\n\n\n\n<h2 class=\"wp-block-heading\"><strong>&nbsp;H\u00e4ndelsedetaljer<\/strong><\/h2>\n\n\n\n<ul class=\"wp-block-list\">\n<li><strong>Datum och tid<\/strong>: L\u00f6rdag 3 maj 2025 | kl. 11.00 - 15.00<\/li>\n\n\n\n<li><strong>Plats<\/strong>: 900 Springdale Road, Austin, TX 78702<\/li>\n\n\n\n<li><strong>Antagning<\/strong>: Gratis<\/li>\n\n\n\n<li><strong>Arrang\u00f6r<\/strong>: <a href=\"https:\/\/www.biketexas.org\/uncategorized\/2025-austin-cargo-bike-festival\/\" target=\"_blank\" rel=\"noopener\">CykelTexas<\/a><\/li>\n<\/ul>\n\n\n\n<figure class=\"wp-block-image size-full\"><img fetchpriority=\"high\" decoding=\"async\" width=\"600\" height=\"400\" src=\"https:\/\/regencargobikes.com\/wp-content\/uploads\/2025\/05\/Fun-at-ACBF-1.jpg\" alt=\"\" class=\"wp-image-1146\" srcset=\"https:\/\/regencargobikes.com\/wp-content\/uploads\/2025\/05\/Fun-at-ACBF-1.jpg 600w, https:\/\/regencargobikes.com\/wp-content\/uploads\/2025\/05\/Fun-at-ACBF-1-300x200.jpg 300w, https:\/\/regencargobikes.com\/wp-content\/uploads\/2025\/05\/Fun-at-ACBF-1-18x12.jpg 18w\" sizes=\"(max-width: 600px) 100vw, 600px\" \/><\/figure>\n\n\n\n<h2 class=\"wp-block-heading\"><strong>Vad du kan f\u00f6rv\u00e4nta dig<\/strong><\/h2>\n\n\n\n<ul class=\"wp-block-list\">\n<li><strong>Provk\u00f6rningar<\/strong>: Deltagarna kommer att f\u00e5 m\u00f6jlighet att prova olika lastcyklar och mikromobilitetsfordon under verkliga f\u00f6rh\u00e5llanden.<\/li>\n\n\n\n<li><strong>Parade med dekorerade lastcyklar<\/strong>: Deltagarna kan g\u00e5 med i paraden f\u00f6r att visa upp sina kreativt anpassade lastcyklar.<\/li>\n\n\n\n<li><strong>Lokal mat och underh\u00e5llning<\/strong>: Festivalen bjuder p\u00e5 mat fr\u00e5n lokala leverant\u00f6rer och underh\u00e5llning f\u00f6r deltagare i alla \u00e5ldrar.<\/li>\n\n\n\n<li><strong>Samh\u00e4llsengagemang<\/strong>: Evenemanget ger en m\u00f6jlighet att f\u00e5 kontakt med lokala inv\u00e5nare och f\u00f6retag som anv\u00e4nder lastcyklar f\u00f6r att tillgodose transportbehov.<\/li>\n<\/ul>\n\n\n\n<h2 class=\"wp-block-heading\"><strong>Vem b\u00f6r delta<\/strong><\/h2>\n\n\n\n<ul class=\"wp-block-list\">\n<li><strong>Cykelentusiaster<\/strong>: Detta evenemang \u00e4r perfekt f\u00f6r personer som \u00e4r intresserade av att l\u00e4ra sig mer om anv\u00e4ndningsomr\u00e5den och f\u00f6rdelar med lastcyklar.<\/li>\n\n\n\n<li><strong>Familjer<\/strong>: Festivalen erbjuder roliga och l\u00e4rorika aktiviteter f\u00f6r alla \u00e5ldrar.<\/li>\n\n\n\n<li><strong>Stadsplanerare och beslutsfattare<\/strong>: Evenemanget kommer att ge insikter i hur lastcyklar kan bidra till att minska trafikstockningar och f\u00f6rb\u00e4ttra r\u00f6rligheten i st\u00e4derna.<\/li>\n\n\n\n<li><strong>Lokala f\u00f6retag<\/strong>: F\u00f6retag kan unders\u00f6ka hur lastcyklar kan integreras i deras verksamhet f\u00f6r leveranser och andra logistikbehov.<\/li>\n<\/ul>\n\n\n\n<h2 class=\"wp-block-heading\"><strong>Tips f\u00f6r bes\u00f6kare<\/strong><\/h2>\n\n\n\n<ul class=\"wp-block-list\">\n<li><strong>Kom i god tid<\/strong>: F\u00f6r att f\u00e5 ut s\u00e5 mycket som m\u00f6jligt av din tid p\u00e5 evenemanget kan du komma tidigt f\u00f6r att prova lastcyklarna.<\/li>\n\n\n\n<li><strong>Ta med familj och v\u00e4nner<\/strong>: Det h\u00e4r \u00e4r ett familjev\u00e4nligt evenemang, och det \u00e4r ett utm\u00e4rkt tillf\u00e4lle att l\u00e4ra sig och ha roligt tillsammans.<\/li>\n\n\n\n<li><strong>Kl\u00e4 dig bekv\u00e4mt<\/strong>: Eftersom evenemanget \u00e4r utomhus ska du ha bekv\u00e4ma kl\u00e4der och skor som \u00e4r l\u00e4mpliga f\u00f6r promenader och deltagande i aktiviteter.<\/li>\n\n\n\n<li><strong>Samarbeta med utst\u00e4llare<\/strong>: Ta dig tid att prata med utst\u00e4llarna f\u00f6r att l\u00e4ra dig hur lastcyklar kan anv\u00e4ndas f\u00f6r olika praktiska till\u00e4mpningar i ditt eget liv eller f\u00f6retag.<\/li>\n<\/ul>","protected":false},"excerpt":{"rendered":"<p>The 2025 Austin Cargo Bike Festival offers a chance to experience firsthand the practical advantages of cargo bikes and light transport solutions in urban settings. Taking place on Saturday, May 3, 2025, from 11 AM to 3 PM at 900 Springdale Road, Austin, TX, this event is free to the public and focuses on real-world [&hellip;]<\/p>\n","protected":false},"author":2,"featured_media":1147,"comment_status":"open","ping_status":"open","sticky":false,"template":"","format":"standard","meta":{"footnotes":""},"categories":[36],"tags":[],"class_list":["post-1145","post","type-post","status-publish","format-standard","has-post-thumbnail","hentry","category-event-expo"],"_links":{"self":[{"href":"https:\/\/regencargobikes.com\/sv\/wp-json\/wp\/v2\/posts\/1145","targetHints":{"allow":["GET"]}}],"collection":[{"href":"https:\/\/regencargobikes.com\/sv\/wp-json\/wp\/v2\/posts"}],"about":[{"href":"https:\/\/regencargobikes.com\/sv\/wp-json\/wp\/v2\/types\/post"}],"author":[{"embeddable":true,"href":"https:\/\/regencargobikes.com\/sv\/wp-json\/wp\/v2\/users\/2"}],"replies":[{"embeddable":true,"href":"https:\/\/regencargobikes.com\/sv\/wp-json\/wp\/v2\/comments?post=1145"}],"version-history":[{"count":1,"href":"https:\/\/regencargobikes.com\/sv\/wp-json\/wp\/v2\/posts\/1145\/revisions"}],"predecessor-version":[{"id":1148,"href":"https:\/\/regencargobikes.com\/sv\/wp-json\/wp\/v2\/posts\/1145\/revisions\/1148"}],"wp:featuredmedia":[{"embeddable":true,"href":"https:\/\/regencargobikes.com\/sv\/wp-json\/wp\/v2\/media\/1147"}],"wp:attachment":[{"href":"https:\/\/regencargobikes.com\/sv\/wp-json\/wp\/v2\/media?parent=1145"}],"wp:term":[{"taxonomy":"category","embeddable":true,"href":"https:\/\/regencargobikes.com\/sv\/wp-json\/wp\/v2\/categories?post=1145"},{"taxonomy":"post_tag","embeddable":true,"href":"https:\/\/regencargobikes.com\/sv\/wp-json\/wp\/v2\/tags?post=1145"}],"curies":[{"name":"wp","href":"https:\/\/api.w.org\/{rel}","templated":true}]}}