{"id":1346,"date":"2025-05-16T14:35:12","date_gmt":"2025-05-16T06:35:12","guid":{"rendered":"https:\/\/regencargobikes.com\/?p=1346"},"modified":"2025-05-16T14:37:12","modified_gmt":"2025-05-16T06:37:12","slug":"dji-challenges-proposed-eu-e-bike-motor-power-cap","status":"publish","type":"post","link":"https:\/\/regencargobikes.com\/sv\/dji-challenges-proposed-eu-e-bike-motor-power-cap\/","title":{"rendered":"DJI utmanar EU:s f\u00f6reslagna effekttak f\u00f6r elcykelmotorer"},"content":{"rendered":"<p>Dr\u00f6nare och teknikkraftverk <a href=\"https:\/\/www.dji.com\/\" target=\"_blank\" rel=\"noopener\">DJI<\/a> har tagit st\u00e4llning mot f\u00f6reslagna EU-riktlinjer som f\u00f6resl\u00e5r att elcykelmotorer ska f\u00e5 en effekt p\u00e5 750 watt. I ett nyligen publicerat uttalande h\u00e4vdade DJI att en s\u00e5dan generell begr\u00e4nsning saknar solid vetenskaplig grund och inte tillgodoser de verkliga behoven hos elcykelanv\u00e4ndare i Europa.<\/p>\n\n\n\n<p>F\u00f6retaget, som nyligen gick in i elcykelsektorn med sitt eget Avinox-motorsystem, anser att den f\u00f6reslagna gr\u00e4nsen kan hindra produktutveckling och anv\u00e4ndarupplevelse, s\u00e4rskilt f\u00f6r specialiserade kategorier som lastcyklar och adaptiva mobilitetshj\u00e4lpmedel.<\/p>\n\n\n\n<h2 class=\"wp-block-heading\"><strong>En keps i en storlek passar alla fungerar inte f\u00f6r alla cyklister<\/strong><\/h2>\n\n\n\n<p>DJI betonade att elcyklar betj\u00e4nar en m\u00e4ngd olika anv\u00e4ndare \u2013 fr\u00e5n barn och \u00e4ldre till personer med funktionsneds\u00e4ttningar och de som cyklar tungt lastade lastcyklar. Att inf\u00f6ra samma effekttak f\u00f6r alla dessa olika scenarier, menar de, \u00e5terspeglar inte m\u00e5ngfalden av verkliga krav.<\/p><div class=\"regen-test-placement-from-wizard-1604397851\" id=\"regen-1345279735\"><script async src=\"https:\/\/pagead2.googlesyndication.com\/pagead\/js\/adsbygoogle.js?client=ca-pub-1076230867169041\"\n     crossorigin=\"anonymous\"><\/script><\/div><div class=\"regen-test-placement-from-wizard-2878267818\" id=\"regen-2548951127\"><script async src=\"https:\/\/pagead2.googlesyndication.com\/pagead\/js\/adsbygoogle.js?client=ca-pub-1076230867169041\"\n     crossorigin=\"anonymous\"><\/script><\/div>\n\n\n\n<p>H\u00f6gre vridmoment och effekt kan vara avg\u00f6rande f\u00f6r specifika cyklister eller till\u00e4mpningar. Till exempel kr\u00e4ver elcyklar som levererar varor eller transporterar passagerare uppf\u00f6r branta stadsgator ofta mer \u00e4n 750 W f\u00f6r att uppr\u00e4tth\u00e5lla s\u00e4ker och stabil prestanda.<\/p>\n\n\n\n<h2 class=\"wp-block-heading\"><strong>Kritik av &quot;l\u00e5sta funktioner&quot; och dolda begr\u00e4nsningar<\/strong><\/h2>\n\n\n\n<p>I sitt offentliga uttalande riktade DJI \u00e4ven in sig p\u00e5 vissa branschmetoder som begr\u00e4nsar motorprestanda bakom betalv\u00e4ggar eller premiumproduktniv\u00e5er. Enligt DJI delar m\u00e5nga elcykelsystem p\u00e5 marknaden liknande h\u00e5rdvara men levererar bara full kapacitet efter att anv\u00e4ndare har betalat extra \u2013 antingen f\u00f6r uppl\u00e5sning av firmware eller prenumerationstj\u00e4nster.<\/p>\n\n\n\n<p>DJI kallade denna trend &quot;respektl\u00f6s mot anv\u00e4ndarna&quot; och varnade f\u00f6r att den prioriterar vinstmarginaler framf\u00f6r funktionalitet och f\u00f6rarens egenmakt.<\/p>\n\n\n\n<h2 class=\"wp-block-heading\"><strong>Teknik med anv\u00e4ndarskydd i \u00e5tanke<\/strong><\/h2>\n\n\n\n<p>F\u00f6r att understryka sitt engagemang f\u00f6r f\u00f6rarupplevelse och h\u00e5rdvaruskydd pekade DJI p\u00e5 hur deras eget Avinox-motorsystem intelligent hanterar effekten. Systemet minskar till exempel automatiskt vridmomentet vid v\u00e4xlingar, vilket bidrar till att f\u00f6rl\u00e4nga drivlinans livsl\u00e4ngd och minska underh\u00e5llsbehovet.<\/p>\n\n\n\n<p>DJI f\u00f6rs\u00e4krade ocks\u00e5 kunderna om att de forts\u00e4tter att f\u00f6lja g\u00e4llande regler och \u00e4r \u00f6ppna f\u00f6r ytterligare dialog om framtida lagstiftningsramverk \u2013 s\u00e5 l\u00e4nge anv\u00e4ndarnas behov och praktiska till\u00e4mpningar tas p\u00e5 allvar.<\/p>\n\n\n\n<h2 class=\"wp-block-heading\"><strong>1 000 W Avinox-uppdatering v\u00e4cker debatt<\/strong><\/h2>\n\n\n\n<p>Tidpunkten f\u00f6r DJIs uttalande sammanfaller med en firmwareuppdatering f\u00f6r deras Avinox-motorsystem, som nu kan uppn\u00e5 en maximal effekt p\u00e5 1 000 watt i &quot;Turbo-l\u00e4ge&quot;. Uppdateringen introducerar ocks\u00e5 f\u00f6rb\u00e4ttrad visning av cykeldata, anpassningsbar Boost-l\u00e4gesl\u00e4ngd och b\u00e4ttre integration med cykelappar fr\u00e5n tredje part.<\/p>\n\n\n\n<p>Detta dj\u00e4rva tekniska drag kan ha intensifierat debatten om var gr\u00e4nsen ska dras mellan efterlevnad av lagar, innovation och f\u00f6rarens f\u00f6rv\u00e4ntningar. Medan DJI vidh\u00e5ller att deras kraftjustering \u00e4r ansvarsfull och prestandainriktad, utmanar deras uppdatering den nuvarande regelgivningen.<\/p>\n\n\n\n<h2 class=\"wp-block-heading\"><strong>Industrin vid ett v\u00e4gsk\u00e4l<\/strong><\/h2>\n\n\n\n<p>Diskussionen om hur kraftfulla elcykelmotorer ska vara \u00e4r l\u00e5ngt ifr\u00e5n \u00f6ver. DJIs \u00f6ppna kritik signalerar att stora akt\u00f6rer inom teknikbranschen inte n\u00f6jer sig med att passivt f\u00f6lja regler som de anser vara f\u00f6r\u00e5ldrade eller f\u00f6r enkla. I takt med att europeiska tillsynsmyndigheter, tillverkare och intresseorganisationer forts\u00e4tter samtalet kan en mer flexibel och inkluderande strategi f\u00f6r reglering vara i sikte.<\/p>\n\n\n\n<hr class=\"wp-block-separator has-alpha-channel-opacity\"\/>\n\n\n\n<h2 class=\"wp-block-heading\"><strong>Referenslista \u00f6ver dessa elcykelnyheter:<\/strong><\/h2>\n\n\n\n<ol start=\"1\" class=\"wp-block-list\">\n<li>MBR. (14 maj 2024). <em>DJI publicerar uttalande som svar p\u00e5 EU:s f\u00f6rslag om motorbegr\u00e4nsningar<\/em>H\u00e4mtad fr\u00e5n: https:\/\/www.mbr.co.uk\/news\/dji-publishes-statement-in-response-to-eu-motor-limit-proposals-449576<\/li>\n\n\n\n<li>E-MOUNTAINBIKE Magazine. (13 maj 2024). <em>DJI Avinox 1 000 W-uppdatering \u2013 Debatten om eMTB-kraft intensifieras<\/em>H\u00e4mtad fr\u00e5n: https:\/\/ebike-mtb.com\/en\/dji-avinox-1000w-update\/<\/li>\n\n\n\n<li>Bike-X.de. (2024). <em>DJI Avinox E-Bike-Motor vorgestellt!<\/em>H\u00e4mtad fr\u00e5n: https:\/\/bike-x.de\/news\/dji-avinox-ebike-motor<\/li>\n<\/ol>\n\n\n\n<p><\/p>","protected":false},"excerpt":{"rendered":"<p>Drone and tech powerhouse DJI has taken a firm stance against proposed European Union guidelines that suggest capping e-bike motor outputs at 750 watts. In a recently published statement, DJI argued that such a blanket restriction lacks solid scientific rationale and fails to address the real needs of e-bike users in Europe. The company, which [&hellip;]<\/p>\n","protected":false},"author":2,"featured_media":1348,"comment_status":"open","ping_status":"open","sticky":false,"template":"","format":"standard","meta":{"footnotes":""},"categories":[33],"tags":[17],"class_list":["post-1346","post","type-post","status-publish","format-standard","has-post-thumbnail","hentry","category-ebike-news","tag-motor"],"_links":{"self":[{"href":"https:\/\/regencargobikes.com\/sv\/wp-json\/wp\/v2\/posts\/1346","targetHints":{"allow":["GET"]}}],"collection":[{"href":"https:\/\/regencargobikes.com\/sv\/wp-json\/wp\/v2\/posts"}],"about":[{"href":"https:\/\/regencargobikes.com\/sv\/wp-json\/wp\/v2\/types\/post"}],"author":[{"embeddable":true,"href":"https:\/\/regencargobikes.com\/sv\/wp-json\/wp\/v2\/users\/2"}],"replies":[{"embeddable":true,"href":"https:\/\/regencargobikes.com\/sv\/wp-json\/wp\/v2\/comments?post=1346"}],"version-history":[{"count":1,"href":"https:\/\/regencargobikes.com\/sv\/wp-json\/wp\/v2\/posts\/1346\/revisions"}],"predecessor-version":[{"id":1347,"href":"https:\/\/regencargobikes.com\/sv\/wp-json\/wp\/v2\/posts\/1346\/revisions\/1347"}],"wp:featuredmedia":[{"embeddable":true,"href":"https:\/\/regencargobikes.com\/sv\/wp-json\/wp\/v2\/media\/1348"}],"wp:attachment":[{"href":"https:\/\/regencargobikes.com\/sv\/wp-json\/wp\/v2\/media?parent=1346"}],"wp:term":[{"taxonomy":"category","embeddable":true,"href":"https:\/\/regencargobikes.com\/sv\/wp-json\/wp\/v2\/categories?post=1346"},{"taxonomy":"post_tag","embeddable":true,"href":"https:\/\/regencargobikes.com\/sv\/wp-json\/wp\/v2\/tags?post=1346"}],"curies":[{"name":"wp","href":"https:\/\/api.w.org\/{rel}","templated":true}]}}