{"id":1557,"date":"2025-06-19T04:11:32","date_gmt":"2025-06-18T20:11:32","guid":{"rendered":"https:\/\/regencargobikes.com\/?p=1557"},"modified":"2025-06-19T04:11:34","modified_gmt":"2025-06-18T20:11:34","slug":"top-10-cargo-bike-rental-services-in-germany","status":"publish","type":"post","link":"https:\/\/regencargobikes.com\/sv\/top-10-cargo-bike-rental-services-in-germany\/","title":{"rendered":"Topp 10 uthyrningstj\u00e4nster f\u00f6r lastcyklar i Tyskland"},"content":{"rendered":"<p>Tysklands ekosystem f\u00f6r uthyrning av lastcyklar blomstrar. St\u00e4der, nystartade f\u00f6retag och logistikf\u00f6retag anv\u00e4nder i allt h\u00f6gre grad e-lastcyklar f\u00f6r att minska utsl\u00e4ppen, minska tr\u00e4ngseln och f\u00f6rb\u00e4ttra r\u00f6rligheten. Dessa tj\u00e4nster betj\u00e4nar en m\u00e4ngd olika anv\u00e4ndare - familjer, pendlare, f\u00f6retag och lokala myndigheter - vilket visar hur m\u00e5ngsidiga e-lastcyklarna \u00e4r. De ers\u00e4tter inte bara korta bilresor, utan bidrar ocks\u00e5 till program f\u00f6r delad mobilitet, h\u00e5llbar logistik och initiativ i grannskapet. I detta sammanhang sticker tio viktiga varum\u00e4rken ut \u00f6ver hela landet. Utan att rangordna dem beskriver den h\u00e4r artikeln varje varum\u00e4rkes modell, tj\u00e4nster och aff\u00e4rsm\u00e4ssiga anv\u00e4ndningsomr\u00e5den, vilket ger insikter f\u00f6r upphandlingsteam, offentliga myndigheter och logistikplanerare som utv\u00e4rderar lastcykelpartnerskap f\u00f6r offentliga program eller kommersiell verksamhet.<\/p>\n\n\n\n<hr class=\"wp-block-separator has-alpha-channel-opacity\"\/>\n\n\n\n<h2 class=\"wp-block-heading\">1. <strong>Sigo - stationsbaserad delning av e-fraktgods<\/strong><\/h2>\n\n\n\n<p>Baserat i Darmstadt, <strong>Sigo<\/strong> \u00e4r en pionj\u00e4r inom stationsbaserad e-lastdelning med hj\u00e4lp av specialbyggda tv\u00e5hjuliga elektriska l\u00e5dcyklar som dockas vid induktiva laddningshubbar. Sedan lanseringen 2020 har Sigo drivit en B2B2C-modell och samarbetat med bostadsr\u00e4ttsf\u00f6reningar, kommuner och kollektivtrafikenheter. Anv\u00e4ndarna lokaliserar, l\u00e5ser upp, cyklar och \u00e5terl\u00e4mnar cyklarna via en mobilapp. Laddningen sker s\u00f6ml\u00f6st vid stationen, vilket garanterar cirka 50-70 km per laddning.<\/p>\n\n\n\n<ul class=\"wp-block-list\">\n<li><strong>Flottan &amp; teknik<\/strong>: Anpassade cyklar med appstyrning och snabb induktiv laddning.<\/li>\n\n\n\n<li><strong>Anv\u00e4ndningsfall<\/strong>: Idealisk f\u00f6r offentliga piloter, delning i samh\u00e4llet och lokal leverans.<\/li>\n\n\n\n<li><strong>Flaggskeppsprojekt<\/strong>: Bayerns \"Lastenrad\"-program - 133 cyklar i 55 st\u00e4der, 95.000 km loggade och \u00f6ver h\u00e4lften av resorna ersatte bilresor.<\/li>\n<\/ul>\n\n\n\n<figure class=\"wp-block-image size-full\"><img fetchpriority=\"high\" decoding=\"async\" width=\"900\" height=\"600\" src=\"https:\/\/regencargobikes.com\/wp-content\/uploads\/2025\/06\/Sigo_Eurobike2019.webp\" alt=\"\" class=\"wp-image-1558\" srcset=\"https:\/\/regencargobikes.com\/wp-content\/uploads\/2025\/06\/Sigo_Eurobike2019.webp 900w, https:\/\/regencargobikes.com\/wp-content\/uploads\/2025\/06\/Sigo_Eurobike2019-300x200.webp 300w, https:\/\/regencargobikes.com\/wp-content\/uploads\/2025\/06\/Sigo_Eurobike2019-768x512.webp 768w, https:\/\/regencargobikes.com\/wp-content\/uploads\/2025\/06\/Sigo_Eurobike2019-18x12.webp 18w\" sizes=\"(max-width: 900px) 100vw, 900px\" \/><\/figure>\n\n\n\n<p>Sigos modell visar hur robust infrastruktur, automatisering och partnerskap kan g\u00f6ra delning av e-cargo till en skalbar l\u00f6sning f\u00f6r st\u00e4der. Det tar bort r\u00e4ckvidds\u00e5ngest, minimerar underh\u00e5llet och minskar personalbehovet. Upphandlingsansvariga kan se Sigo som en nyckelf\u00e4rdig partner som erbjuder tillf\u00f6rlitlig drift, klimatv\u00e4nliga resultat och infrastrukturintegration - allt med h\u00e4nsyn till samh\u00e4llsplanering och vagnparkskriterier. Det h\u00e4r systemet \u00e4r en modell f\u00f6r st\u00e4der som vill inf\u00f6ra mobilitet med minsta m\u00f6jliga st\u00f6rningar och st\u00f6rsta m\u00f6jliga nytta f\u00f6r allm\u00e4nheten.<\/p><div class=\"regen-test-placement-from-wizard-1604397851\" id=\"regen-621692131\"><script async src=\"https:\/\/pagead2.googlesyndication.com\/pagead\/js\/adsbygoogle.js?client=ca-pub-1076230867169041\"\n     crossorigin=\"anonymous\"><\/script><\/div><div class=\"regen-test-placement-from-wizard-2878267818\" id=\"regen-296920767\"><script async src=\"https:\/\/pagead2.googlesyndication.com\/pagead\/js\/adsbygoogle.js?client=ca-pub-1076230867169041\"\n     crossorigin=\"anonymous\"><\/script><\/div>\n\n\n\n<hr class=\"wp-block-separator has-alpha-channel-opacity\"\/>\n\n\n\n<h2 class=\"wp-block-heading\">2. <strong>Nextbike (Tier Mobility) - Delat cykeln\u00e4tverk Lastintegration<\/strong><\/h2>\n\n\n\n<p><strong>N\u00e4sta cykel<\/strong>, under Tier Mobility, f\u00f6rb\u00e4ttrar cykeldelning i st\u00e4der genom integrering av last. I tyska st\u00e4der som Leipzig och K\u00f6ln har Nextbike lagt till e-lastcyklar (t.ex, <strong>Urban Arrow Cargo L<\/strong>), som \u00e4r tillg\u00e4ngliga via samma app och dockningssystem . Denna strategi drar nytta av befintlig infrastruktur och anv\u00e4ndarvanor, vilket g\u00f6r lastcyklar till en synlighetsh\u00f6jande f\u00f6rl\u00e4ngning av popul\u00e4ra cykeldelningssystem.<\/p>\n\n\n\n<ul class=\"wp-block-list\">\n<li><strong>Priss\u00e4ttning<\/strong>: ~1 euro f\u00f6r att l\u00e5sa upp, 0,05-0,10 euro per minut.<\/li>\n\n\n\n<li><strong>Anv\u00e4ndningsomr\u00e5den<\/strong>: Perfekt f\u00f6r familjens \u00e4renden, transport av barn eller l\u00e4ttare logistik i st\u00e4der.<\/li>\n\n\n\n<li><strong>Modell<\/strong>: Urban Arrow Cargo L f\u00f6r stabil k\u00f6rning och lastkapacitet.<\/li>\n<\/ul>\n\n\n\n<p>Integrationen minskar omkostnaderna: samma fakturering, support och stationstillg\u00e4nglighet. Det breddar flottans m\u00e5ngfald med minimal investering och g\u00f6r det m\u00f6jligt f\u00f6r st\u00e4der att \u00f6vervaka lastcykelanv\u00e4ndningen genom delad data. F\u00f6rare blir bekanta utan att beh\u00f6va nya appar eller registreringar. Sm\u00e5 flottor kan dock inneb\u00e4ra begr\u00e4nsad tillg\u00e4nglighet och efterfr\u00e5gebaserad tillf\u00f6rlitlighet. Tillg\u00e5ng nattetid eller helg kan variera. Nextbikes tillv\u00e4gag\u00e5ngss\u00e4tt visar dock hur st\u00e4der snabbt kan inf\u00f6ra fraktalternativ - inte genom att bygga separata system utan genom att uppgradera befintliga system. F\u00f6r logistik- och upphandlingsteam inneb\u00e4r detta ett l\u00e4ttillg\u00e4ngligt fraktalternativ med l\u00e5g risk inom k\u00e4nda ramar.<\/p>\n\n\n\n<hr class=\"wp-block-separator has-alpha-channel-opacity\"\/>\n\n\n\n<h2 class=\"wp-block-heading\">3. <strong>Freie Lastenr\u00e4der - Samh\u00e4llsdriven gratis utl\u00e5ning<\/strong><\/h2>\n\n\n\n<p>De <strong>Fria lastv\u00e4xlare<\/strong> n\u00e4tverk - som drivs av icke-statliga organisationer och lokala klubbar - sp\u00e4nner nu \u00f6ver <strong>179+ tyska st\u00e4der<\/strong> (t.ex. fLotte i Berlin och Kasimir i K\u00f6ln). En inv\u00e5nare kan boka en lastcykel online, h\u00e4mta den fr\u00e5n en plats i samh\u00e4llet och l\u00e4mna tillbaka den efter anv\u00e4ndning - gratis eller donationsbaserad.<\/p>\n\n\n\n<ul class=\"wp-block-list\">\n<li><strong>Flottan<\/strong>: Manuella och elektriska l\u00e5dcyklar, trehjulingar; anv\u00e4ndaravgift om de \u00e4r elektriska.<\/li>\n\n\n\n<li><strong>Anv\u00e4ndningsfall<\/strong>: \u00c4renden, f\u00f6rvaringstransporter, familjeutflykter.<\/li>\n\n\n\n<li><strong>Modell<\/strong>: Demokratiskt tillv\u00e4gag\u00e5ngss\u00e4tt som bygger p\u00e5 frivilliga v\u00e4rdar.<\/li>\n<\/ul>\n\n\n\n<p>Dessa system genererar goodwill hos allm\u00e4nheten, utvecklar sammanh\u00e5llningen i samh\u00e4llet och bygger upp ett gr\u00e4srotsst\u00f6d f\u00f6r h\u00e5llbar mobilitet. Begr\u00e4nsningarna omfattar icke-kommersiella servicetider, begr\u00e4nsade underh\u00e5llsresurser och variabilitet mellan olika platser. \u00c4nd\u00e5 \u00e4r den sociala effekten betydande: de visar p\u00e5 anv\u00e4ndaransvar, minskar bilberoendet och validerar offentlig anv\u00e4ndning av gods. F\u00f6r planerare och f\u00f6retags CSR-team kan dessa program komplettera betaltj\u00e4nster, pilotutbyggnad av infrastruktur eller locka medborgare till delade system. De bidrar ocks\u00e5 till att testa anv\u00e4ndarnas beteende i milj\u00f6er med l\u00e5ga kostnader och l\u00e5ga hinder.<\/p>\n\n\n\n<hr class=\"wp-block-separator has-alpha-channel-opacity\"\/>\n\n\n\n<h2 class=\"wp-block-heading\">4. <strong>CYCLE.eco - Leasing av kommersiella abonnemang<\/strong><\/h2>\n\n\n\n<p><strong>CYCLE.eco<\/strong> (tidigare GetHenry) hyr ut e-cargo-cyklar till gig-arbetare, sm\u00e5 och medelstora f\u00f6retag och f\u00f6retag p\u00e5 m\u00e5natliga all-inclusive-kontrakt (159-199 euro), som t\u00e4cker underh\u00e5ll och f\u00f6rs\u00e4kring. De \u00e4r aktiva i Berlin, Hamburg, K\u00f6ln och andra st\u00e4der och anv\u00e4nder modeller som Urban Arrow och Radkutsche long-tails - robusta och byggda f\u00f6r tung anv\u00e4ndning.<\/p>\n\n\n\n<ul class=\"wp-block-list\">\n<li><strong>Flottan<\/strong>: Avancerade modeller med l\u00e5ng svans med Bosch drivsystem.<\/li>\n\n\n\n<li><strong>Prenumeration<\/strong>: En m\u00e5nadsavgift inkluderar service, f\u00f6rs\u00e4kring och reservdelar.<\/li>\n\n\n\n<li><strong>Anv\u00e4ndningsfall<\/strong>: Matleveranser, kurirlogistik, B2B-transporter i sista milen.<\/li>\n<\/ul>\n\n\n\n<figure class=\"wp-block-image size-full\"><img decoding=\"async\" width=\"900\" height=\"600\" src=\"https:\/\/regencargobikes.com\/wp-content\/uploads\/2025\/06\/\u5fae\u4fe1\u56fe\u7247_20250619032435.webp\" alt=\"\" class=\"wp-image-1560\" srcset=\"https:\/\/regencargobikes.com\/wp-content\/uploads\/2025\/06\/\u5fae\u4fe1\u56fe\u7247_20250619032435.webp 900w, https:\/\/regencargobikes.com\/wp-content\/uploads\/2025\/06\/\u5fae\u4fe1\u56fe\u7247_20250619032435-300x200.webp 300w, https:\/\/regencargobikes.com\/wp-content\/uploads\/2025\/06\/\u5fae\u4fe1\u56fe\u7247_20250619032435-768x512.webp 768w, https:\/\/regencargobikes.com\/wp-content\/uploads\/2025\/06\/\u5fae\u4fe1\u56fe\u7247_20250619032435-18x12.webp 18w\" sizes=\"(max-width: 900px) 100vw, 900px\" \/><\/figure>\n\n\n\n<p>F\u00f6retag undviker stora initiala kostnader och kan skala flottor p\u00e5 ett flexibelt s\u00e4tt. F\u00f6ruts\u00e4gbara driftskostnader underl\u00e4ttar budgetlogistiken. Underh\u00e5llsst\u00f6d \u00f6kar drifttiden och minskar avbrotten. Ink\u00f6psavdelningen kan \u00f6vervaka anv\u00e4ndning, kostnader och ROI. Tillg\u00e4ngligheten kan variera under h\u00f6g efterfr\u00e5gan, och m\u00e5nadsleasing kan \u00f6verstiga \u00e4gandekostnaderna vid h\u00f6g anv\u00e4ndning. \u00c4nd\u00e5 erbjuder CYCLE.eco en n\u00e4stan nyckelf\u00e4rdig flottl\u00f6sning - idealisk f\u00f6r flottor utan cykelunderh\u00e5llsteam eller kapitalfokus.<\/p>\n\n\n\t\t<div data-elementor-type=\"section\" data-elementor-id=\"1530\" class=\"elementor elementor-1530\" data-elementor-post-type=\"elementor_library\">\n\t\t\t<div class=\"elementor-element elementor-element-303061a0 e-flex e-con-boxed e-con e-parent\" data-id=\"303061a0\" data-element_type=\"container\" data-e-type=\"container\" data-settings=\"{&quot;background_background&quot;:&quot;classic&quot;,&quot;ekit_has_onepagescroll_dot&quot;:&quot;yes&quot;}\">\n\t\t\t\t\t<div class=\"e-con-inner\">\n\t\t<div class=\"elementor-element elementor-element-2b5c3a71 e-con-full e-flex e-con e-child\" data-id=\"2b5c3a71\" data-element_type=\"container\" data-e-type=\"container\" data-settings=\"{&quot;ekit_has_onepagescroll_dot&quot;:&quot;yes&quot;}\">\n\t\t\t\t<div class=\"elementor-element elementor-element-272f1e87 elementor-widget elementor-widget-elementskit-heading\" data-id=\"272f1e87\" data-element_type=\"widget\" data-e-type=\"widget\" data-widget_type=\"elementskit-heading.default\">\n\t\t\t\t<div class=\"elementor-widget-container\">\n\t\t\t\t\t<div class=\"ekit-wid-con\" ><div class=\"ekit-heading elementskit-section-title-wraper text_left   ekit_heading_tablet-   ekit_heading_mobile-text_center\"><h2 class=\"ekit-heading--title elementskit-section-title\">Vill du starta din egen uthyrningsflotta f\u00f6r lastcyklar?<\/h2>\t\t\t\t<div class='ekit-heading__description'>\n\t\t\t\t\t<p>Regen har hj\u00e4lpt dussintals f\u00f6rstag\u00e5ngsoperat\u00f6rer att \u00f6vervinna tekniska och produktionshinder. V\u00e5rt expertteam g\u00f6r det enkelt att designa, producera och skala en uthyrningsklar flotta - allt under ditt varum\u00e4rke.<\/p>\n\t\t\t\t<\/div>\n\t\t\t<\/div><\/div>\t\t\t\t<\/div>\n\t\t\t\t<\/div>\n\t\t\t\t<div class=\"elementor-element elementor-element-4ac735db elementor-widget-mobile__width-auto elementor-widget elementor-widget-elementskit-dual-button\" data-id=\"4ac735db\" data-element_type=\"widget\" data-e-type=\"widget\" data-widget_type=\"elementskit-dual-button.default\">\n\t\t\t\t<div class=\"elementor-widget-container\">\n\t\t\t\t\t<div class=\"ekit-wid-con\" >\n                <div class=\"ekit-element-align-wrapper\">\n                    <div class=\"ekit_double_button\">                <a class=\"ekit-double-btn ekit-double-btn-one\" href=\"https:\/\/regencargobikes.com\/sv\/contact\/\">\n                    Beg\u00e4r en offert                <\/a>\n            \n            <a class=\"ekit-double-btn ekit-double-btn-two\" href=\"https:\/\/regencargobikes.com\/sv\/service-center\/\">\n                    Service-center                <\/a>\n                  <\/div>\n                <\/div>\n            <\/div>\t\t\t\t<\/div>\n\t\t\t\t<\/div>\n\t\t\t\t<\/div>\n\t\t<div class=\"elementor-element elementor-element-19753a4e e-con-full e-flex e-con e-child\" data-id=\"19753a4e\" data-element_type=\"container\" data-e-type=\"container\" data-settings=\"{&quot;background_background&quot;:&quot;classic&quot;,&quot;ekit_has_onepagescroll_dot&quot;:&quot;yes&quot;}\">\n\t\t\t\t<div class=\"elementor-element elementor-element-17eaa8b elementor-widget elementor-widget-html\" data-id=\"17eaa8b\" data-element_type=\"widget\" data-e-type=\"widget\" data-widget_type=\"html.default\">\n\t\t\t\t<div class=\"elementor-widget-container\">\n\t\t\t\t\t<script async src=\"https:\/\/pagead2.googlesyndication.com\/pagead\/js\/adsbygoogle.js?client=ca-pub-1076230867169041\"\n     crossorigin=\"anonymous\"><\/script>\n<!-- \u6b63\u65b9\u5f62 -->\n<ins class=\"adsbygoogle\"\n     style=\"display:block\"\n     data-ad-client=\"ca-pub-1076230867169041\"\n     data-ad-slot=\"7340675255\"\n     data-ad-format=\"auto\"\n     data-full-width-responsive=\"true\"><\/ins>\n<script>\n     (adsbygoogle = window.adsbygoogle || []).push({});\n<\/script>\t\t\t\t<\/div>\n\t\t\t\t<\/div>\n\t\t\t\t<\/div>\n\t\t\t\t\t<\/div>\n\t\t\t\t<\/div>\n\t\t\t\t<\/div>\n\t\t\n\n\n\n<hr class=\"wp-block-separator has-alpha-channel-opacity\"\/>\n\n\n\n<h2 class=\"wp-block-heading\">5. <strong>ListNRide - Aggregator f\u00f6r privat- och butiksuthyrning<\/strong><\/h2>\n\n\n\n<p><strong>ListNRide<\/strong> fungerar som en plattform som kopplar samman privata \u00e4gare och sm\u00e5 uthyrningsbutiker och erbjuder cirka <strong>80-90 lastcyklar<\/strong> \u00f6ver hela Tyskland. H\u00e4r listas e-lastbilsmodeller som Bakfiets och Babboe, som hyrs ut per timme eller dag - tilltalande f\u00f6r familjer, turister eller enstaka projekt.<\/p>\n\n\n\n<ul class=\"wp-block-list\">\n<li><strong>Flottans storlek<\/strong>: Aktiva annonser i st\u00f6rre och medelstora st\u00e4der.<\/li>\n\n\n\n<li><strong>Anv\u00e4ndningsfall<\/strong>: Korttidssemester f\u00f6r familjer, evenemang, testning.<\/li>\n\n\n\n<li><strong>Exempel<\/strong>: Bakfiets f\u00f6r flyttl\u00e5dor eller barn.<\/li>\n<\/ul>\n\n\n\n<p>ListNRide erbjuder flexibilitet - inga l\u00e5ngsiktiga kontrakt eller system\u00e5taganden. Kvaliteten varierar, men det \u00e4r idealiskt f\u00f6r upphandlingspiloter, turistpartners och sociala tj\u00e4nster som erbjuder ad hoc-tillg\u00e5ng till lastcyklar. Priset kan vara h\u00f6gre f\u00f6r enstaka uthyrningar. Operat\u00f6rerna f\u00e5r synlighet och bokningsinfrastruktur via plattformen, utan att investera i en egen webbportal. Det \u00e4r en v\u00e4rdefull ing\u00e5ngspunkt f\u00f6r att testa efterfr\u00e5gan eller tillhandah\u00e5lla popup-logistik.<\/p>\n\n\n\n<hr class=\"wp-block-separator has-alpha-channel-opacity\"\/>\n\n\n\n<h2 class=\"wp-block-heading\">6. <strong>Urban Arrow (via \u00e5terf\u00f6rs\u00e4ljare) - Leasing &amp; Fleet Sales<\/strong><\/h2>\n\n\n\n<p><strong>Urban pil<\/strong> cyklar-som den <strong>Cargo L Prestanda<\/strong> och <strong>Flatbed L<\/strong>-\u00e4r den h\u00e5rdvarum\u00e4ssiga ryggraden f\u00f6r m\u00e5nga B2B-flottor och logistikabonnemang. \u00c5terf\u00f6rs\u00e4ljare \u00f6ver hela Tyskland erbjuder leasing och fullservice f\u00f6r vagnparkshantering, vilket st\u00f6der utrullning, underh\u00e5ll och uppgraderingar av vagnparken.<\/p>\n\n\n\n<ul class=\"wp-block-list\">\n<li><strong>Modeller<\/strong>: Cargo L med l\u00e5da, Flatbed L f\u00f6r tunga transporter.<\/li>\n\n\n\n<li><strong>Anv\u00e4ndningsfall<\/strong>: Leverans, uthyrningsf\u00f6retag, offentliga flottor.<\/li>\n\n\n\n<li><strong>St\u00f6d<\/strong>: Servicepaket fr\u00e5n \u00e5terf\u00f6rs\u00e4ljare och tillverkargarantier.<\/li>\n<\/ul>\n\n\n\n<p>\u00c4ven om Urban Arrow inte hyr ut direkt, erbjuder de uthyrningsf\u00f6retag och vagnparksoperat\u00f6rer lastcyklar av h\u00f6gsta kvalitet. Prestandan \u00e4r v\u00e4l anpassad till aff\u00e4rsbehov, navigering p\u00e5 stadsv\u00e4gar och hantering av nyttolast. Genom leasing undviker man \u00e4garrisker och investeringar i inventarier. St\u00e4derna gynnas ocks\u00e5, eftersom cyklarna kan integreras i offentliga program eller flottkonverteringar. Upphandlingsagenter som utv\u00e4rderar h\u00e5rdvarualternativ kommer att k\u00e4nna igen Urban Arrows standards\u00e4ttande rykte och omfattande \u00e5terf\u00f6rs\u00e4ljarst\u00f6d.<\/p>\n\n\n\n<hr class=\"wp-block-separator has-alpha-channel-opacity\"\/>\n\n\n\n<h2 class=\"wp-block-heading\">7. <strong>Donkey Republic - Pilot Cargo Implementation<\/strong><\/h2>\n\n\n\n<p><strong>Republiken \u00c5snan<\/strong> lagt till lastmodeller i sin dockningsfria uthyrningsapp i Berlin och utvalda st\u00e4der . Dessa cyklar, som \u00e4r utrustade med barnstolar och lastl\u00e5dor, integreras s\u00f6ml\u00f6st med standardcykelerbjudanden i appen - ingen s\u00e4rskild registrering eller deposition beh\u00f6vs.<\/p>\n\n\n\n<ul class=\"wp-block-list\">\n<li><strong>App-baserad uppl\u00e5sning<\/strong>: Bekant upplevelse f\u00f6r f\u00f6rare.<\/li>\n\n\n\n<li><strong>Anv\u00e4ndningsfall<\/strong>: Familjeutflykter, skolskjutsar, l\u00e4ttare shopping.<\/li>\n\n\n\n<li><strong>F\u00f6rm\u00e5n<\/strong>: Casual adoption utan \u00e5tagande.<\/li>\n<\/ul>\n\n\n\n<figure class=\"wp-block-image size-full\"><img decoding=\"async\" width=\"900\" height=\"600\" src=\"https:\/\/regencargobikes.com\/wp-content\/uploads\/2025\/06\/eT21-07552_02-de.webp\" alt=\"\" class=\"wp-image-1559\" srcset=\"https:\/\/regencargobikes.com\/wp-content\/uploads\/2025\/06\/eT21-07552_02-de.webp 900w, https:\/\/regencargobikes.com\/wp-content\/uploads\/2025\/06\/eT21-07552_02-de-300x200.webp 300w, https:\/\/regencargobikes.com\/wp-content\/uploads\/2025\/06\/eT21-07552_02-de-768x512.webp 768w, https:\/\/regencargobikes.com\/wp-content\/uploads\/2025\/06\/eT21-07552_02-de-18x12.webp 18w\" sizes=\"(max-width: 900px) 100vw, 900px\" \/><\/figure>\n\n\n\n<p>Donkeys metod s\u00e4nker intr\u00e4desbarri\u00e4rerna och l\u00e5ter familjer prova lastcyklar utan anstr\u00e4ngning. Appintegration m\u00f6jligg\u00f6r enkel fakturering och sp\u00e5rning av plats. Det finns dock sm\u00e5skaliga flottor, os\u00e4ker tillg\u00e4nglighet och begr\u00e4nsat servicest\u00f6d j\u00e4mf\u00f6rt med stationsbaserad uthyrning. Den passar f\u00f6r turism och pilotprojekt f\u00f6r mikromobilitet, och \u00e4r idealisk f\u00f6r upphandlingschefer i st\u00e4der som vill inf\u00f6ra lastcyklar i befintliga paket med delad mobilitet.<\/p>\n\n\n\n<hr class=\"wp-block-separator has-alpha-channel-opacity\"\/>\n\n\n\n<h2 class=\"wp-block-heading\">8. <strong>Call a Bike (DB) - Pilotlast f\u00f6r datainsikt<\/strong><\/h2>\n\n\n\n<p><strong>Ring en cykel<\/strong>, som drivs av Deutsche Bahn, genomf\u00f6r ibland f\u00f6rs\u00f6k med lastcyklar i samarbete med st\u00e4der som Frankfurt. Dessa cyklar integreras med befintlig infrastruktur och ing\u00e5r i forskningsprojekt som utforskar anv\u00e4ndarnas beteende och resm\u00f6nster.<\/p>\n\n\n\n<ul class=\"wp-block-list\">\n<li><strong>Funktioner<\/strong>: Barnstolar, bakluckor, appintegration.<\/li>\n\n\n\n<li><strong>Anv\u00e4ndningsfall<\/strong>: Testning av r\u00f6rlighet i st\u00e4der och i anslutning till transporter.<\/li>\n\n\n\n<li><strong>M\u00e5l<\/strong>: Datainsamling f\u00f6r beslutsfattande.<\/li>\n<\/ul>\n\n\n\n<p>Call a Bike-pilotprojekt hj\u00e4lper myndigheter att utv\u00e4rdera efterfr\u00e5gan, resm\u00f6nster och reseers\u00e4ttning utan stora investeringar. De visar p\u00e5 lastens roll i multimodala urbana transitsystem. Nackdelen \u00e4r att tillg\u00e4ngligheten \u00e4r begr\u00e4nsad till pilotprojektens namnomr\u00e5den, inte f\u00f6r allm\u00e4nheten. Upphandlingsansvariga och planeringsbyr\u00e5er kan dock anv\u00e4nda resultaten f\u00f6r att motivera st\u00f6rre investeringar eller systemskalning.<\/p>\n\n\n\n<hr class=\"wp-block-separator has-alpha-channel-opacity\"\/>\n\n\n\n<h2 class=\"wp-block-heading\">9. <strong>Frachtfreunde - NGO:s logistikflotta<\/strong><\/h2>\n\n\n\n<p><strong>Frachtfreunde<\/strong> \u00e4r en ideell organisation som donerar lastcyklar till icke-statliga organisationer och sociala f\u00f6retag, vilket m\u00f6jligg\u00f6r h\u00e5llbar logistik till l\u00e5g kostnad. Cyklarna - ofta tunga trehjulingar - l\u00e5nas ut p\u00e5 l\u00e5ng sikt f\u00f6r ideella uppdrag, evenemangslogistik eller samh\u00e4llsprogram.<\/p>\n\n\n\n<ul class=\"wp-block-list\">\n<li><strong>Flottan<\/strong>: Elektriska lasttrikes, lastklassade 120+ kg.<\/li>\n\n\n\n<li><strong>Anv\u00e4ndningsfall<\/strong>: Samh\u00e4llsinsatser, v\u00e4lg\u00f6renhetsevenemang, hj\u00e4lplogistik.<\/li>\n\n\n\n<li><strong>Finansiering<\/strong>: Donationer och bidrag via crowdsourcing.<\/li>\n<\/ul>\n\n\n\n<p>Modellen inneb\u00e4r att lastcyklar kan anv\u00e4ndas i underfinansierade sektorer utan kommersiella begr\u00e4nsningar. Utmaningar inkluderar finansiering av underh\u00e5ll och s\u00e4kerst\u00e4llande av ansvarsskyldighet. \u00c4nd\u00e5 \u00e5terspeglar det hur cyklar kan vara en logistikl\u00f6sning p\u00e5 gr\u00e4srotsniv\u00e5. Kommuner kan samarbeta med icke-statliga organisationer som Frachtfreunde f\u00f6r att f\u00f6rb\u00e4ttra samh\u00e4llets kapacitet och uppfylla h\u00e5llbarhetsm\u00e5l, medan flottor visar verklig f\u00f6rm\u00e5ga att st\u00f6dja medborgaruppdrag.<\/p>\n\n\n\n<hr class=\"wp-block-separator has-alpha-channel-opacity\"\/>\n\n\n\n<h2 class=\"wp-block-heading\">10. <strong>Velogista - cykelbaserad kurirtj\u00e4nst<\/strong><\/h2>\n\n\n\n<p><strong>Velogista<\/strong>\u00e4r ett Berlinbaserat kurirf\u00f6retag som anv\u00e4nder sig av elektriska lasttrikes f\u00f6r kontraktslogistik. Med v\u00e4derbest\u00e4ndiga lastkapslar och en lastkapacitet p\u00e5 \u00f6ver 250 kg st\u00f6der deras modell f\u00f6retag som beh\u00f6ver smidiga, milj\u00f6v\u00e4nliga leveranser utan att \u00e4ga en egen flotta.<\/p>\n\n\n\n<ul class=\"wp-block-list\">\n<li><strong>Service<\/strong>: B2B-avtalsleverans med schemalagda upph\u00e4mtningar.<\/li>\n\n\n\n<li><strong>Flottan<\/strong>: Specialbyggda lasttrikes med GPS, modul\u00e4ra fack.<\/li>\n\n\n\n<li><strong>M\u00e5lgrupp Kunder<\/strong>: \u00c5terf\u00f6rs\u00e4ljare, kontor, leveranskedjor f\u00f6r evenemang.<\/li>\n<\/ul>\n\n\n\n<p>Velogista eliminerar hanteringen av flottan och utsl\u00e4ppsb\u00f6rdan, vilket g\u00f6r att kunderna kan omf\u00f6rdela interna resurser. De erbjuder tillf\u00f6rlitlighet och m\u00e4tbara h\u00e5llbarhetsf\u00f6rdelar. Utmaningar inkluderar oms\u00e4ttning av f\u00f6rare och v\u00e4dervariationer. Men de utg\u00f6r \u00e4nd\u00e5 en helt outsourcad, koldioxidfri leveransmodell som \u00e4r relevant f\u00f6r f\u00f6retagens logistikplanerare och h\u00e5llbarhetsansvariga.<\/p>\n\n\n\n<hr class=\"wp-block-separator has-alpha-channel-opacity\"\/>\n\n\n\n<h2 class=\"wp-block-heading\">Slutsats: Strategiska insikter f\u00f6r intressenter<\/h2>\n\n\n\n<p>Tysklands expansiva lastcykellandskap erbjuder skr\u00e4ddarsydda l\u00f6sningar f\u00f6r offentlig och kommersiell anv\u00e4ndning. Bland tio varum\u00e4rken:<\/p>\n\n\n\n<ul class=\"wp-block-list\">\n<li><strong>Sigo<\/strong>erbjuder robust stationsbaserad delning med automatisk laddning.<\/li>\n\n\n\n<li><strong>N\u00e4sta cykel<\/strong> och <strong>Ring en cykel<\/strong> integrera gods i stadsn\u00e4t.<\/li>\n\n\n\n<li><strong>Fria lastv\u00e4xlare<\/strong> och <strong>Frachtfreunde<\/strong> ge gr\u00e4sr\u00f6tter och ideella tillg\u00e5ng.<\/li>\n\n\n\n<li><strong>CYCLE.eco<\/strong>, <strong>Velogista<\/strong>och <strong>Urban Arrow uthyrning<\/strong> tillgodose f\u00f6retagens logistikbehov.<\/li>\n\n\n\n<li><strong>ListNRide<\/strong> och <strong>Republiken \u00c5snan<\/strong> st\u00f6dja konsumentpiloter och turismintr\u00e4de.<\/li>\n<\/ul>\n\n\n\n<p>F\u00f6r upphandlings-, policy- eller logistikansvariga \u00e4r viktiga \u00f6verv\u00e4ganden bland annat<\/p>\n\n\n\n<ul class=\"wp-block-list\">\n<li><strong>Beredskap f\u00f6r infrastruktur<\/strong>-station vs. dockningsfria system.<\/li>\n\n\n\n<li><strong>Behov av serviceniv\u00e5<\/strong>-kortsiktig tillg\u00e5ng, prenumerationer eller logistiskt st\u00f6d.<\/li>\n\n\n\n<li><strong>Modeller f\u00f6r underh\u00e5ll<\/strong>-fullserviceleasing skiljer sig fr\u00e5n samh\u00e4llsdrivna program.<\/li>\n<\/ul>\n\n\n\n<p>Varje modell erbjuder skalbar, h\u00e5llbar mobilitet i linje med regleringar och h\u00e5llbarhetsmandat. I takt med att intresset f\u00f6r utsl\u00e4ppsminskningar \u00f6kar har lastcyklar utvecklats fr\u00e5n boutique-tj\u00e4nster till vanliga stadstransporter. Tyska tj\u00e4nster blandar teknik, samh\u00e4llsengagemang och kommersiellt t\u00e4nkande - och erbjuder en f\u00e4rdplan f\u00f6r andra l\u00e4nder som vill integrera lastcyklar i sina mobilitetsekosystem.<\/p>\n\n\n\n<hr class=\"wp-block-separator has-alpha-channel-opacity\"\/>\n\n\n\n<p><strong>Referenser:<\/strong><\/p>\n\n\n\n<ol class=\"wp-block-list\">\n<li><strong>Sigo<\/strong> - Stationsbaserad laddning och B2B2C-delningsmodell <a href=\"https:\/\/sigo.green\" target=\"_Blank\" rel=\"noreferrer noopener\">sigo.gr\u00f6n<\/a><\/li>\n\n\n\n<li><strong>Projekt \"Lastenrad\" i Bayern<\/strong> - Resultat av drifts\u00e4ttning och anv\u00e4ndningsdata <a href=\"\/sv\/sigo.green\/news\/lastenrad-bavaria\/\" target=\"_Blank\" rel=\"noreferrer noopener\">sigo.green\/nyheter\/lastenrad-bavaria<\/a><\/li>\n\n\n\n<li><strong>Nextbike (Tier Mobility)<\/strong> - Lastintegration och appbaserad delning <a href=\"https:\/\/nextbike.de\" target=\"_Blank\" rel=\"noreferrer noopener\">nextbike.de<\/a><\/li>\n\n\n\n<li><strong>Fria Lastenr\u00e4der (Frachtfreunde)<\/strong> - Gemenskapsdrivet n\u00e4tverk f\u00f6r gratis utl\u00e5ning <a href=\"https:\/\/lastenrad.frachtfreunde.de\" target=\"_Blank\" rel=\"noreferrer noopener\">lastenrad.frachtfreunde.de<\/a><\/li>\n\n\n\n<li><strong>CYCLE.eco (tidigare GetHenry)<\/strong> - Information om prenumerationsplan och t\u00e4ckning av vagnpark <a href=\"https:\/\/cycle.eco\" target=\"_Blank\" rel=\"noreferrer noopener\">cykel.eko<\/a><\/li>\n\n\n\n<li><strong>ListNRide<\/strong> - Aggregatorplattform med lastcykelannonser <a href=\"https:\/\/listnride.com\" target=\"_Blank\" rel=\"noreferrer noopener\">listnride.com<\/a><\/li>\n\n\n\n<li><strong>Urban pil<\/strong> - Anv\u00e4ndning av leasingprogram via tyska \u00e5terf\u00f6rs\u00e4ljare <a href=\"https:\/\/urbanarrow.com\" target=\"_Blank\" rel=\"noreferrer noopener\">urbanarrow.com<\/a><\/li>\n\n\n\n<li><strong>Republiken \u00c5snan<\/strong> - Pilotprojekt f\u00f6r lastcyklar <a href=\"https:\/\/donkey.bike\" target=\"_Blank\" rel=\"noreferrer noopener\">\u00e5sna.cykel<\/a><\/li>\n\n\n\n<li><strong>Ring en cykel av Deutsche Bahn<\/strong> - Forskningspiloter f\u00f6r lastcyklar <a href=\"https:\/\/callabike.de\" target=\"_Blank\" rel=\"noreferrer noopener\">callabike.de<\/a><\/li>\n\n\n\n<li><strong>Frachtfreunde<\/strong> - NGO-logistik och donationer av lastcyklar <a href=\"https:\/\/frachtfreunde.de\" target=\"_Blank\" rel=\"noreferrer noopener\">frachtfreunde.de<\/a><\/li>\n\n\n\n<li><strong>Velogista<\/strong> - Modell f\u00f6r kurirtj\u00e4nst med lasttrike <a href=\"https:\/\/velogista.de\" target=\"_Blank\" rel=\"noreferrer noopener\">velogista.de<\/a><\/li>\n<\/ol>","protected":false},"excerpt":{"rendered":"<p>Germany\u2019s cargo bike rental ecosystem is thriving. Cities, startups, and logistics firms are increasingly adopting e-cargo bikes to reduce emissions, ease congestion, and improve mobility. These services serve a variety of users\u2014families, commuters, businesses, and local governments\u2014showcasing the versatility of e-cargo bikes. Not only do they replace short car trips, but they also contribute to [&hellip;]<\/p>\n","protected":false},"author":2,"featured_media":1563,"comment_status":"open","ping_status":"open","sticky":false,"template":"","format":"standard","meta":{"footnotes":""},"categories":[2],"tags":[],"class_list":["post-1557","post","type-post","status-publish","format-standard","has-post-thumbnail","hentry","category-knowledge"],"_links":{"self":[{"href":"https:\/\/regencargobikes.com\/sv\/wp-json\/wp\/v2\/posts\/1557","targetHints":{"allow":["GET"]}}],"collection":[{"href":"https:\/\/regencargobikes.com\/sv\/wp-json\/wp\/v2\/posts"}],"about":[{"href":"https:\/\/regencargobikes.com\/sv\/wp-json\/wp\/v2\/types\/post"}],"author":[{"embeddable":true,"href":"https:\/\/regencargobikes.com\/sv\/wp-json\/wp\/v2\/users\/2"}],"replies":[{"embeddable":true,"href":"https:\/\/regencargobikes.com\/sv\/wp-json\/wp\/v2\/comments?post=1557"}],"version-history":[{"count":1,"href":"https:\/\/regencargobikes.com\/sv\/wp-json\/wp\/v2\/posts\/1557\/revisions"}],"predecessor-version":[{"id":1565,"href":"https:\/\/regencargobikes.com\/sv\/wp-json\/wp\/v2\/posts\/1557\/revisions\/1565"}],"wp:featuredmedia":[{"embeddable":true,"href":"https:\/\/regencargobikes.com\/sv\/wp-json\/wp\/v2\/media\/1563"}],"wp:attachment":[{"href":"https:\/\/regencargobikes.com\/sv\/wp-json\/wp\/v2\/media?parent=1557"}],"wp:term":[{"taxonomy":"category","embeddable":true,"href":"https:\/\/regencargobikes.com\/sv\/wp-json\/wp\/v2\/categories?post=1557"},{"taxonomy":"post_tag","embeddable":true,"href":"https:\/\/regencargobikes.com\/sv\/wp-json\/wp\/v2\/tags?post=1557"}],"curies":[{"name":"wp","href":"https:\/\/api.w.org\/{rel}","templated":true}]}}