{"id":1600,"date":"2025-06-22T04:17:36","date_gmt":"2025-06-21T20:17:36","guid":{"rendered":"https:\/\/regencargobikes.com\/?p=1600"},"modified":"2025-06-22T04:17:38","modified_gmt":"2025-06-21T20:17:38","slug":"how-fast-can-your-electric-cargo-bike-go","status":"publish","type":"post","link":"https:\/\/regencargobikes.com\/sv\/how-fast-can-your-electric-cargo-bike-go\/","title":{"rendered":"Hur snabbt kan din elektriska lastcykel g\u00e5?"},"content":{"rendered":"<p>P\u00e5 Regen f\u00e5r vi ofta en bedr\u00e4gligt enkel fr\u00e5ga st\u00e4lld till oss:<\/p>\n\n\n\n<p><strong>\"Hur snabbt kan din <a href=\"https:\/\/regencargobikes.com\/sv\/what-is-a-cargo-bike\/\" data-type=\"post\" data-id=\"1179\">elektrisk lastcykel<\/a> g\u00e5?\"<\/strong><\/p>\n\n\n\n<p>Det \u00e4r en r\u00e4ttvis fr\u00e5ga - och en viktig s\u00e5dan. Oavsett om du pendlar, levererar varor eller k\u00f6r p\u00e5 fritiden p\u00e5verkar hastigheten inte bara effektiviteten, utan \u00e4ven lagligheten, s\u00e4kerheten och k\u00f6rkomforten. S\u00e5 idag tar vi dig med bakom styret och in i datan. Vi kommer att utforska verklig hastighetsstatistik, lagliga gr\u00e4nser och <strong>vad som p\u00e5verkar din lastcykels hastighet.<\/strong><\/p><div class=\"regen-test-placement-from-wizard-1604397851\" id=\"regen-3804843641\"><script async src=\"https:\/\/pagead2.googlesyndication.com\/pagead\/js\/adsbygoogle.js?client=ca-pub-1076230867169041\"\n     crossorigin=\"anonymous\"><\/script><\/div><div class=\"regen-test-placement-from-wizard-2878267818\" id=\"regen-3898070416\"><script async src=\"https:\/\/pagead2.googlesyndication.com\/pagead\/js\/adsbygoogle.js?client=ca-pub-1076230867169041\"\n     crossorigin=\"anonymous\"><\/script><\/div>\n\n\n\n<hr class=\"wp-block-separator has-alpha-channel-opacity\"\/>\n\n\n\n<h2 class=\"wp-block-heading\"><strong>Hastighetsbegr\u00e4nsningar runt om i v\u00e4rlden<\/strong><\/h2>\n\n\n\n<p>L\u00e5t oss b\u00f6rja med grunderna: <strong>lagstadgade topphastigheter varierar beroende p\u00e5 region<\/strong>. De flesta elektriska lastcyklar faller i en av tv\u00e5 klasser:<\/p>\n\n\n\n<figure class=\"wp-block-table\"><table class=\"has-fixed-layout\"><thead><tr><th><strong>Region<\/strong><\/th><th><strong>Lagstadgad topphastighet (km\/h)<\/strong><\/th><th><strong>Topphastighet (mph)<\/strong><\/th><th><strong>Klassanteckningar<\/strong><\/th><\/tr><\/thead><tbody><tr><td>EU<\/td><td>25<\/td><td>15.5<\/td><td>Pedelec (max 250 W motor)<\/td><\/tr><tr><td>EU (Speed-P)<\/td><td>45<\/td><td>28<\/td><td>Speed pedelec, beh\u00f6ver registrering<\/td><\/tr><tr><td>USA<\/td><td>32<\/td><td>20<\/td><td>Klass 1 &amp; 2 elcyklar (750W motorbegr\u00e4nsning)<\/td><\/tr><tr><td>Kanada<\/td><td>32<\/td><td>20<\/td><td>Max 500W motorer<\/td><\/tr><\/tbody><\/table><\/figure>\n\n\n\n<p>I de flesta europeiska l\u00e4nder \u00e4r v\u00e5ra lastcyklar <strong>begr\u00e4nsad till 25 km\/h<\/strong> f\u00f6r att r\u00e4knas som cyklar enligt trafiklagstiftningen - inget k\u00f6rkort eller f\u00f6rs\u00e4kring beh\u00f6vs. I USA och Kanada \u00e4r taket <strong>32 km\/h<\/strong>. Vissa motorcyklar \u00f6verskrider detta (upp till 45 km\/h) under <strong>speed pedelec<\/strong> klassificering, som vanligtvis kr\u00e4ver hj\u00e4lmanv\u00e4ndning, f\u00f6rs\u00e4kring och till och med en registreringsskylt.<\/p>\n\n\n\n<p><br>\ud83d\udc49 L\u00e4nk till: <strong><a href=\"https:\/\/regencargobikes.com\/sv\/electric-cargo-bike-motor-power-system-faq\/\" data-type=\"post\" data-id=\"1310\">FAQ om elektriskt lastcykelmotorsystem och kraft<\/a><\/strong><\/p>\n\n\n\n<hr class=\"wp-block-separator has-alpha-channel-opacity\"\/>\n\n\n\n<h2 class=\"wp-block-heading\"><strong>Vilka hastigheter n\u00e5r f\u00f6rare faktiskt?<\/strong><\/h2>\n\n\n\n<p>Det \u00e4r h\u00e4r som teori m\u00f6ter asfalt. <a href=\"https:\/\/regencargobikes.com\/sv\/long-john-cargo-bike-regen-02\/\" data-type=\"page\" data-id=\"1395\">Regen elektriska lastcyklar<\/a> kryssa bekv\u00e4mt runt:<\/p>\n\n\n\n<ul class=\"wp-block-list\">\n<li><strong>20-25 km\/h (12-15,5 mph)<\/strong> under standard pedalassistans<\/li>\n\n\n\n<li><strong>40-45 km\/h (25-28 mph)<\/strong> f\u00f6r modeller med h\u00f6g effekt eller speed-pedelec<\/li>\n<\/ul>\n\n\n\n<p>Men minneshastighet handlar inte bara om specifikationer. Det handlar om <strong>belastning, terr\u00e4ng, f\u00f6rarens input<\/strong>och naturligtvis, <strong>motorisk styrka<\/strong>.<\/p>\n\n\n\t\t<div data-elementor-type=\"section\" data-elementor-id=\"1414\" class=\"elementor elementor-1414\" data-elementor-post-type=\"elementor_library\">\n\t\t\t<div class=\"elementor-element elementor-element-7bf5eb01 e-flex e-con-boxed e-con e-parent\" data-id=\"7bf5eb01\" data-element_type=\"container\" data-e-type=\"container\" data-settings=\"{&quot;background_background&quot;:&quot;classic&quot;,&quot;ekit_has_onepagescroll_dot&quot;:&quot;yes&quot;}\">\n\t\t\t\t\t<div class=\"e-con-inner\">\n\t\t<div class=\"elementor-element elementor-element-9fc34e2 e-con-full e-flex e-con e-child\" data-id=\"9fc34e2\" data-element_type=\"container\" data-e-type=\"container\" data-settings=\"{&quot;background_background&quot;:&quot;classic&quot;,&quot;ekit_has_onepagescroll_dot&quot;:&quot;yes&quot;}\">\n\t\t\t\t<div class=\"elementor-element elementor-element-af4e700 elementor-absolute elementor-widget elementor-widget-image\" data-id=\"af4e700\" data-element_type=\"widget\" data-e-type=\"widget\" data-settings=\"{&quot;_position&quot;:&quot;absolute&quot;}\" data-widget_type=\"image.default\">\n\t\t\t\t<div class=\"elementor-widget-container\">\n\t\t\t\t\t\t\t\t\t\t\t\t\t\t\t<img fetchpriority=\"high\" decoding=\"async\" width=\"800\" height=\"422\" src=\"https:\/\/regencargobikes.com\/wp-content\/uploads\/2025\/05\/regen-02-electric-cargo-bike-.webp\" class=\"attachment-large size-large wp-image-1398\" alt=\"Regen 02 elektrisk lastcykel\" srcset=\"https:\/\/regencargobikes.com\/wp-content\/uploads\/2025\/05\/regen-02-electric-cargo-bike-.webp 1000w, https:\/\/regencargobikes.com\/wp-content\/uploads\/2025\/05\/regen-02-electric-cargo-bike--300x158.webp 300w, https:\/\/regencargobikes.com\/wp-content\/uploads\/2025\/05\/regen-02-electric-cargo-bike--768x405.webp 768w, https:\/\/regencargobikes.com\/wp-content\/uploads\/2025\/05\/regen-02-electric-cargo-bike--18x9.webp 18w\" sizes=\"(max-width: 800px) 100vw, 800px\" \/>\t\t\t\t\t\t\t\t\t\t\t\t\t\t\t<\/div>\n\t\t\t\t<\/div>\n\t\t\t\t<\/div>\n\t\t<div class=\"elementor-element elementor-element-7de8cd9d e-con-full e-flex e-con e-child\" data-id=\"7de8cd9d\" data-element_type=\"container\" data-e-type=\"container\" data-settings=\"{&quot;ekit_has_onepagescroll_dot&quot;:&quot;yes&quot;}\">\n\t\t\t\t<div class=\"elementor-element elementor-element-308b8d20 elementor-widget elementor-widget-elementskit-heading\" data-id=\"308b8d20\" data-element_type=\"widget\" data-e-type=\"widget\" data-widget_type=\"elementskit-heading.default\">\n\t\t\t\t<div class=\"elementor-widget-container\">\n\t\t\t\t\t<div class=\"ekit-wid-con\" ><div class=\"ekit-heading elementskit-section-title-wraper text_left   ekit_heading_tablet-   ekit_heading_mobile-text_center\"><h3 class=\"elementskit-section-subtitle\">\n\t\t\t\t\t\tRegen 02 Ellastcykel\n\t\t\t\t\t<\/h3><h2 class=\"ekit-heading--title elementskit-section-title\">Letar du efter en kompakt, anpassningsbar frontlastare f\u00f6r ditt varum\u00e4rke?<\/h2>\t\t\t\t<div class='ekit-heading__description'>\n\t\t\t\t\t<p class=\"p1\">T\u00dcV-testad genom tidigare kundanpassade projekt. Offentligt tillg\u00e4nglig modell \u2013 konfigurerbar, bepr\u00f6vad och redo att skalas upp.<\/p>\n\t\t\t\t<\/div>\n\t\t\t<\/div><\/div>\t\t\t\t<\/div>\n\t\t\t\t<\/div>\n\t\t\t\t<div class=\"elementor-element elementor-element-bf516c8 elementor-align-left elementor-align--mobilecenter elementor-widget elementor-widget-elementskit-button\" data-id=\"bf516c8\" data-element_type=\"widget\" data-e-type=\"widget\" data-widget_type=\"elementskit-button.default\">\n\t\t\t\t<div class=\"elementor-widget-container\">\n\t\t\t\t\t<div class=\"ekit-wid-con\" >\t\t<div class=\"ekit-btn-wraper\">\n\t\t\t\t\t\t\t<a href=\"https:\/\/regencargobikes.com\/sv\/long-john-cargo-bike-regen-02\/\" class=\"elementskit-btn  whitespace--normal\" id=\"\">\n\t\t\t\t\tL\u00e4s mer\t\t\t\t<\/a>\n\t\t\t\t\t<\/div>\n        <\/div>\t\t\t\t<\/div>\n\t\t\t\t<\/div>\n\t\t\t\t<\/div>\n\t\t\t\t\t<\/div>\n\t\t\t\t<\/div>\n\t\t\t\t<\/div>\n\t\t\n\n\n\n<hr class=\"wp-block-separator has-alpha-channel-opacity\"\/>\n\n\n\n<h3 class=\"wp-block-heading\"><strong> Exempel fr\u00e5n den verkliga v\u00e4rlden<\/strong><\/h3>\n\n\n\n<p>En av v\u00e5ra kunder i Tyskland anv\u00e4nder en speed-pedelec-lastcykel med dubbla batterier och en 750 W-motor. P\u00e5 plana stadsv\u00e4gar cruisar den konsekvent runt <strong>42 km\/h<\/strong>\u00e4ven med en last p\u00e5 60 kg. Men f\u00f6r dagligt familjeanv\u00e4ndande eller kommunala leveranser tycker de flesta Regen-kunder att <strong>25 km\/h gr\u00e4ns<\/strong> perfekt passande - och s\u00e4kert.<\/p>\n\n\n\n<hr class=\"wp-block-separator has-alpha-channel-opacity\"\/>\n\n\n\n<h2 class=\"wp-block-heading\"><strong>Vilka faktorer p\u00e5verkar hastigheten p\u00e5 e-Cargo-cyklar?<\/strong><\/h2>\n\n\n\n<p>Vi har testat dussintals olika konfigurationer p\u00e5 v\u00e5ra modeller med l\u00e5ngsvans och frontlastare. H\u00e4r \u00e4r vad som verkligen p\u00e5verkar topphastigheten:<\/p>\n\n\n\n<figure class=\"wp-block-table\"><table class=\"has-fixed-layout\"><thead><tr><th><strong>Faktor<\/strong><\/th><th><strong>Effekt p\u00e5 hastighet<\/strong><\/th><\/tr><\/thead><tbody><tr><td><strong>Motoreffekt<\/strong><\/td><td>Fler watt = h\u00f6gre topphastighet. 250W \u2248 25 km\/h, 750W \u2248 32+ km\/h<\/td><\/tr><tr><td><strong>Batteriets kapacitet<\/strong><\/td><td>H\u00f6gre sp\u00e4nning och amperetimmar f\u00f6rb\u00e4ttrar den uth\u00e5lliga toppfarten<\/td><\/tr><tr><td><strong>Design av cyklar<\/strong><\/td><td>Longtails \u00e4r snabbare och smidigare \u00e4n trehjulingar eller l\u00e5dcyklar med h\u00f6ga sidor<\/td><\/tr><tr><td><strong><a href=\"https:\/\/regencargobikes.com\/wp-content\/uploads\/2025\/04\/10-key-facts-affect-cargo-bike-load-capacity.jpg\" data-type=\"attachment\" data-id=\"1061\">Lastvikt<\/a><\/strong><\/td><td>Mer last = l\u00e4gre acceleration och minskad topphastighet<\/td><\/tr><tr><td><strong>Terr\u00e4ng &amp; vind<\/strong><\/td><td>Uppf\u00f6rsbackar och motvind kan sakta ner dig avsev\u00e4rt<\/td><\/tr><tr><td><strong>D\u00e4cktryck<\/strong><\/td><td>F\u00f6r l\u00e5gt lufttryck i d\u00e4cken minskar hastighet och r\u00e4ckvidd<\/td><\/tr><\/tbody><\/table><\/figure>\n\n\n\n<p>Ytterligare l\u00e4sning \uff1a<a href=\"https:\/\/regencargobikes.com\/sv\/cargo-bike-frame-geometry\/\" data-type=\"post\" data-id=\"374\">F\u00f6rst\u00e5 ramgeometrin i lastcyklar och dess inverkan p\u00e5 hanteringsprestanda<\/a><\/p>\n\n\n\n<h2 class=\"wp-block-heading\"><strong>Hastighet kontra s\u00e4kerhet: Vad \u00e4r risken?<\/strong><\/h2>\n\n\n\n<p>L\u00e5t oss vara \u00e4rliga: lastcyklar \u00e4r inte racercyklar. Vi designar v\u00e5ra ramar f\u00f6r <strong>stabilitet och lasthantering<\/strong>, inte f\u00f6r snabba hastigheter.<\/p>\n\n\n\n<p>P\u00e5 <strong>\u00f6ver 30 mph (~48 km\/h)<\/strong>kan \u00e4ven sm\u00e5 styrvibrationer bli riskabla. Stoppstr\u00e4ckan \u00f6kar dramatiskt med vikten. Det \u00e4r d\u00e4rf\u00f6r alla Regen-lastcyklar levereras med:<\/p>\n\n\n\n<ul class=\"wp-block-list\">\n<li><strong>Hydrauliska skivbromsar<\/strong> klassad f\u00f6r 200 kg+ total belastning<\/li>\n\n\n\n<li><strong>Fj\u00e4drande gafflar eller sadelstolpar<\/strong> f\u00f6r stabilitet p\u00e5 oj\u00e4mna v\u00e4gar<\/li>\n\n\n\n<li><strong>Robusta aluminiumramar<\/strong> som st\u00e5r emot h\u00f6ghastighetsflexion<\/li>\n<\/ul>\n\n\n\n<p>Slutsatsen? <strong>Hastighet \u00e4r sp\u00e4nnande, men s\u00e4kerheten kommer alltid i f\u00f6rsta hand.<\/strong><\/p>\n\n\n\n<ul class=\"wp-block-list\">\n<li>Se v\u00e5r j\u00e4mf\u00f6relse: <a href=\"https:\/\/regencargobikes.com\/sv\/mechanical-disc-brakes-vs-hydraulic-disc-brakes-in-ecargo-bikes\/\" data-type=\"post\" data-id=\"1047\">Mekaniska skivbromsar vs hydrauliska skivbromsar p\u00e5 elcyklar och lastcyklar<\/a> <\/li>\n\n\n\n<li>L\u00e4s mer om <a href=\"https:\/\/regencargobikes.com\/sv\/frame-strength-what-determines-durability\/\" data-type=\"post\" data-id=\"1160\">Ramstyrka: Vad avg\u00f6r h\u00e5llbarhet?<\/a><\/li>\n<\/ul>\n\n\n\n<h2 class=\"wp-block-heading\"><strong>J\u00e4mf\u00f6relse av popul\u00e4ra lastcyklar (inklusive v\u00e5r)<\/strong><\/h2>\n\n\n\n<p>H\u00e4r \u00e4r en sida vid sida av de mest s\u00e5lda lastcyklarna :<\/p>\n\n\n\n<figure class=\"wp-block-table\"><table class=\"has-fixed-layout\"><thead><tr><th><strong>Modell<\/strong><\/th><th><strong>Motor (W)<\/strong><\/th><th><strong>Topphastighet<\/strong><\/th><th><strong>Klass<\/strong><\/th><th><strong>Anteckningar<\/strong><\/th><\/tr><\/thead><tbody><tr><td><strong>Gunai GN66<\/strong><\/td><td>1,000<\/td><td>~45 km\/h<\/td><td>Speed-pedelec<\/td><td>H\u00f6g effekt, l\u00e4mpar sig f\u00f6r privata v\u00e4gar eller leveransflottor<\/td><\/tr><tr><td><strong>Riese &amp; M\u00fcller Last 75<\/strong><\/td><td>500-850<\/td><td>Upp till 45 km\/h<\/td><td>Speed-pedelec<\/td><td>Dubbel fj\u00e4dring, dubbelt batteri<\/td><\/tr><tr><td><strong>Longtail 750 Pro<\/strong><\/td><td>750<\/td><td>32-38 km\/h<\/td><td>Klass 2\/Speed-P<\/td><td>Klassens b\u00e4sta r\u00e4ckvidd och acceleration<\/td><\/tr><tr><td><strong>Lectric XPedition<\/strong><\/td><td>750<\/td><td>32 km\/h<\/td><td>Klass 2<\/td><td>Tjocka d\u00e4ck, prisv\u00e4rda f\u00f6r familjer<\/td><\/tr><tr><td><strong>Decathlon R500E<\/strong><\/td><td>250<\/td><td>25 km\/h<\/td><td>EU Pedelec<\/td><td>Bra alternativ f\u00f6r nyb\u00f6rjare<\/td><\/tr><\/tbody><\/table><\/figure>\n\n\n\n<p>\u00c4r du os\u00e4ker p\u00e5 vilken typ av lastcykel som passar dig? Se h\u00e4r: <a href=\"https:\/\/regencargobikes.com\/sv\/types-of-cargo-bike\/\" data-type=\"post\" data-id=\"376\">Hur m\u00e5nga olika typer av lastcyklar?<\/a><\/p>\n\n\n\n<h2 class=\"wp-block-heading\"><strong>Cykelhastighet och anv\u00e4ndningsomr\u00e5den (visuell sammanfattning)<\/strong><\/h2>\n\n\n\n<figure class=\"wp-block-table\"><table class=\"has-fixed-layout\"><thead><tr><th><strong>Hastighetsomr\u00e5de<\/strong><\/th><th><strong>Cykelklass<\/strong><\/th><th><strong>Vanliga anv\u00e4ndningsfall<\/strong><\/th><\/tr><\/thead><tbody><tr><td>\u2264 25 km\/h<\/td><td>Pedelec<\/td><td>Skolskjutsar, matink\u00f6p, stads\u00e4renden<\/td><\/tr><tr><td>25-32 km\/h<\/td><td>Klass 2 \/ 750W<\/td><td>Leverans av l\u00e4tta laster, pendling i f\u00f6rorter<\/td><\/tr><tr><td>32-45 km\/h<\/td><td>Speed Pedelec<\/td><td>Kurirtj\u00e4nster, l\u00e5ngv\u00e4ga leveranser<\/td><\/tr><\/tbody><\/table><\/figure>\n\n\n\n<h2 class=\"wp-block-heading\"><strong>Tips fr\u00e5n Regen: S\u00e5 h\u00e4r g\u00e5r det snabbare, p\u00e5 ett s\u00e4kert s\u00e4tt<\/strong><\/h2>\n\n\n\n<p>Vill du \u00f6ka hastigheten p\u00e5 din e-cargo-cykel och samtidigt h\u00e5lla dig inom s\u00e4kra gr\u00e4nser? H\u00e4r \u00e4r v\u00e5ra r\u00e5d:<\/p>\n\n\n\n<ul class=\"wp-block-list\">\n<li><strong>Uppgradering till en 750 W mid-drive-motor<\/strong> om lokala lagar till\u00e5ter det<\/li>\n\n\n\n<li><strong>Anv\u00e4nd pedalassistansen aktivt<\/strong> f\u00f6r att g\u00e5 l\u00e4ngre \u00e4n bara motorhastigheter<\/li>\n\n\n\n<li><strong>Investera i r\u00e4tt d\u00e4ck och bromssystem<\/strong>-s\u00e4rskilt med tyngre last<\/li>\n\n\n\n<li><strong>Anv\u00e4nd en str\u00f6mlinjeformad lastinst\u00e4llning<\/strong> (inga \u00f6verh\u00e4ngande l\u00e5dor eller h\u00f6ga paneler)<\/li>\n\n\n\n<li><strong>\u00d6verbelasta inte bakre paketh\u00e5llaren<\/strong>-j\u00e4mn balans spelar roll vid h\u00f6gre hastigheter<\/li>\n<\/ul>\n\n\n\n<p>Vi har sett leveransteam \u00f6ka effektiviteten p\u00e5 sina rutter med <strong>35%<\/strong> bara genom att optimera d\u00e4cktryck, lastvikt och k\u00f6rteknik - utan att \u00e4ndra motorn alls.<\/p>\n\n\n\n<hr class=\"wp-block-separator has-alpha-channel-opacity\"\/>\n\n\n\n<h2 class=\"wp-block-heading\"><strong> Viktiga slutsatser<\/strong><\/h2>\n\n\n\n<ul class=\"wp-block-list\">\n<li>De flesta e-cargo-cyklar \u00e4r enligt lag begr\u00e4nsade till <strong>25-32 km\/h<\/strong> beroende p\u00e5 var du befinner dig<\/li>\n\n\n\n<li>Med r\u00e4tt inst\u00e4llning kan hastigheter p\u00e5 <strong>45 km\/h<\/strong> \u00e4r m\u00f6jliga att uppn\u00e5 - men kr\u00e4ver en hastighetsklassificering f\u00f6r pedelec<\/li>\n\n\n\n<li>Verkliga marschhastigheter ligger vanligtvis runt <strong>20-28 km\/h<\/strong>, som balanserar hastighet med s\u00e4kerhet och hantering<\/li>\n\n\n\n<li>Cykelkonfiguration, last, terr\u00e4ng och till och med f\u00f6rarens vikt spelar alla en roll<\/li>\n\n\n\n<li>P\u00e5 Regen designar vi cyklar inte f\u00f6r r\u00e5 hastighet, utan f\u00f6r <strong>s\u00e4kra, effektiva transporter som g\u00f6r att ditt f\u00f6retag eller din livsstil fungerar smidigt<\/strong><\/li>\n<\/ul>\n\n\n\n<h2 class=\"wp-block-heading\"><strong>Referenser<\/strong><\/h2>\n\n\n\n<ol start=\"1\" class=\"wp-block-list\">\n<li><a href=\"https:\/\/eur-lex.europa.eu\/legal-content\/EN\/TXT\/?uri=CELEX%3A32013R0168\" target=\"_blank\" rel=\"noopener\">EU-f\u00f6rordning nr 168\/2013<\/a><\/li>\n\n\n\n<li><a href=\"https:\/\/www.peopleforbikes.org\/electric-bikes\/policies\" target=\"_blank\" rel=\"noopener\">PeopleForBikes - Klasser f\u00f6r elcyklar<\/a><\/li>\n\n\n\n<li><a href=\"https:\/\/www.decathlon.co.uk\/p\/longtail-cargo-e-bike-r500-electric\/_\/R-p-336237\" target=\"_blank\" rel=\"noopener\">Decathlon R500E Specifikationer<\/a><\/li>\n\n\n\n<li><a href=\"https:\/\/cleantechnica.com\/2023\/06\/15\/lectric-xpedition-cargo-ebike-review\/\" target=\"_blank\" rel=\"noopener\">CleanTechnica Review om Lectric XPedition<\/a><\/li>\n\n\n\n<li><a href=\"https:\/\/www.bikeradar.com\/news\/yamaha-electric-cargo-bike\/\" target=\"_blank\" rel=\"noopener\">Lansering av Giant\/Yamaha Cargo E-Bike<\/a><\/li>\n\n\n\n<li><a href=\"https:\/\/urbanarrow.com\" target=\"_blank\" rel=\"noopener\">Anv\u00e4ndningsfall f\u00f6r Urban Arrow Tender Fleet<\/a><\/li>\n\n\n\n<li><a href=\"https:\/\/www.alibaba.com\/product-detail\/1000w-cargo-bike_1600780935471.html\" target=\"_blank\" rel=\"noopener\">Gunai GN66 Produktlista<\/a><\/li>\n\n\n\n<li><a href=\"https:\/\/www.r-m.de\/en-us\/models\/load-75\/\" target=\"_blank\" rel=\"noopener\">Riese &amp; M\u00fcller Load 75 Specifikationer<\/a><\/li>\n<\/ol>\n\n\n\n<hr class=\"wp-block-separator has-alpha-channel-opacity\"\/>\n\n\n\n<p><strong>Vill du veta mer eller provk\u00f6ra Regen:s senaste longtail- eller trike-modeller?<\/strong><\/p>\n\n\n\n<p>Kontakta oss n\u00e4r som helst - v\u00e5rt tekniska team hj\u00e4lper dig g\u00e4rna att v\u00e4lja den hastighet som passar b\u00e4st f\u00f6r din rutt, terr\u00e4ng och lokala lagar.<\/p>\n\n\n\t\t<div data-elementor-type=\"section\" data-elementor-id=\"1591\" class=\"elementor elementor-1591\" data-elementor-post-type=\"elementor_library\">\n\t\t\t<div class=\"elementor-element elementor-element-8afca32 e-flex e-con-boxed e-con e-parent\" data-id=\"8afca32\" data-element_type=\"container\" data-e-type=\"container\" data-settings=\"{&quot;background_background&quot;:&quot;classic&quot;,&quot;ekit_has_onepagescroll_dot&quot;:&quot;yes&quot;}\">\n\t\t\t\t\t<div class=\"e-con-inner\">\n\t\t<div class=\"elementor-element elementor-element-24ec346 e-con-full e-flex e-con e-child\" data-id=\"24ec346\" data-element_type=\"container\" data-e-type=\"container\" data-settings=\"{&quot;background_background&quot;:&quot;classic&quot;,&quot;ekit_has_onepagescroll_dot&quot;:&quot;yes&quot;}\">\n\t\t\t\t<div class=\"elementor-element elementor-element-6b475eec elementor-absolute elementor-widget elementor-widget-image\" data-id=\"6b475eec\" data-element_type=\"widget\" data-e-type=\"widget\" data-settings=\"{&quot;_position&quot;:&quot;absolute&quot;}\" data-widget_type=\"image.default\">\n\t\t\t\t<div class=\"elementor-widget-container\">\n\t\t\t\t\t\t\t\t\t\t\t\t\t\t\t<img decoding=\"async\" width=\"800\" height=\"450\" src=\"https:\/\/regencargobikes.com\/wp-content\/uploads\/2025\/03\/RT.651.webp\" class=\"attachment-large size-large wp-image-1522\" alt=\"\" srcset=\"https:\/\/regencargobikes.com\/wp-content\/uploads\/2025\/03\/RT.651.webp 1000w, https:\/\/regencargobikes.com\/wp-content\/uploads\/2025\/03\/RT.651-300x169.webp 300w, https:\/\/regencargobikes.com\/wp-content\/uploads\/2025\/03\/RT.651-768x432.webp 768w, https:\/\/regencargobikes.com\/wp-content\/uploads\/2025\/03\/RT.651-18x10.webp 18w\" sizes=\"(max-width: 800px) 100vw, 800px\" \/>\t\t\t\t\t\t\t\t\t\t\t\t\t\t\t<\/div>\n\t\t\t\t<\/div>\n\t\t\t\t<div class=\"elementor-element elementor-element-48fc00c2 elementor-widget elementor-widget-image\" data-id=\"48fc00c2\" data-element_type=\"widget\" data-e-type=\"widget\" data-widget_type=\"image.default\">\n\t\t\t\t<div class=\"elementor-widget-container\">\n\t\t\t\t\t\t\t\t\t\t\t\t\t\t\t<img decoding=\"async\" width=\"533\" height=\"330\" src=\"https:\/\/regencargobikes.com\/wp-content\/uploads\/2025\/04\/New-1.png\" class=\"attachment-large size-large wp-image-436\" alt=\"\" srcset=\"https:\/\/regencargobikes.com\/wp-content\/uploads\/2025\/04\/New-1.png 533w, https:\/\/regencargobikes.com\/wp-content\/uploads\/2025\/04\/New-1-300x186.png 300w\" sizes=\"(max-width: 533px) 100vw, 533px\" \/>\t\t\t\t\t\t\t\t\t\t\t\t\t\t\t<\/div>\n\t\t\t\t<\/div>\n\t\t\t\t<\/div>\n\t\t<div class=\"elementor-element elementor-element-25aa7a08 e-con-full e-flex e-con e-child\" data-id=\"25aa7a08\" data-element_type=\"container\" data-e-type=\"container\" data-settings=\"{&quot;ekit_has_onepagescroll_dot&quot;:&quot;yes&quot;}\">\n\t\t\t\t<div class=\"elementor-element elementor-element-3d854eb8 elementor-widget elementor-widget-elementskit-heading\" data-id=\"3d854eb8\" data-element_type=\"widget\" data-e-type=\"widget\" data-widget_type=\"elementskit-heading.default\">\n\t\t\t\t<div class=\"elementor-widget-container\">\n\t\t\t\t\t<div class=\"ekit-wid-con\" ><div class=\"ekit-heading elementskit-section-title-wraper text_left   ekit_heading_tablet-   ekit_heading_mobile-text_center\"><p class=\"elementskit-section-subtitle\">\n\t\t\t\t\t\tEndast 20 MOQ-cyklar f\u00f6r att komma ig\u00e5ng \n\t\t\t\t\t<\/p><p class=\"ekit-heading--title elementskit-section-title\">Anpassningsbar E-Cargo-cykel - RS01 <\/p>\t\t\t\t<div class='ekit-heading__description'>\n\t\t\t\t\t<p class=\"p2\">Oavsett om du \u00e4r ett v\u00e4xande varum\u00e4rke eller en kvartersbutik \u00e4r v\u00e5ra kraftiga lastcyklar din biljett in i den blomstrande v\u00e4rlden av milj\u00f6v\u00e4nliga leveranser. L\u00e5t oss rulla!<\/p>\n\t\t\t\t<\/div>\n\t\t\t<\/div><\/div>\t\t\t\t<\/div>\n\t\t\t\t<\/div>\n\t\t\t\t<div class=\"elementor-element elementor-element-137412e2 elementor-align-left elementor-align--mobilecenter elementor-widget elementor-widget-elementskit-button\" data-id=\"137412e2\" data-element_type=\"widget\" data-e-type=\"widget\" data-widget_type=\"elementskit-button.default\">\n\t\t\t\t<div class=\"elementor-widget-container\">\n\t\t\t\t\t<div class=\"ekit-wid-con\" >\t\t<div class=\"ekit-btn-wraper\">\n\t\t\t\t\t\t\t<a href=\"#elementor-action%3Aaction%3Dpopup%3Aopen%26settings%3DeyJpZCI6IjczNCIsInRvZ2dsZSI6ZmFsc2V9\" class=\"elementskit-btn  whitespace--normal\" id=\"\">\n\t\t\t\t\tBeg\u00e4r en offert\t\t\t\t<\/a>\n\t\t\t\t\t<\/div>\n        <\/div>\t\t\t\t<\/div>\n\t\t\t\t<\/div>\n\t\t\t\t<\/div>\n\t\t\t\t\t<\/div>\n\t\t\t\t<\/div>\n\t\t\t\t<\/div>","protected":false},"excerpt":{"rendered":"<p>At Regen, we often get asked a deceptively simple question: \u201cHow fast can your electric cargo bike go?\u201d It\u2019s a fair question\u2014and an important one. Whether you\u2019re commuting, delivering goods, or riding for leisure, speed affects not just efficiency, but legality, safety, and riding comfort. So today, we\u2019re taking you behind the handlebars and into [&hellip;]<\/p>\n","protected":false},"author":2,"featured_media":1595,"comment_status":"open","ping_status":"closed","sticky":false,"template":"","format":"standard","meta":{"footnotes":""},"categories":[2,30],"tags":[],"class_list":["post-1600","post","type-post","status-publish","format-standard","has-post-thumbnail","hentry","category-knowledge","category-blog"],"_links":{"self":[{"href":"https:\/\/regencargobikes.com\/sv\/wp-json\/wp\/v2\/posts\/1600","targetHints":{"allow":["GET"]}}],"collection":[{"href":"https:\/\/regencargobikes.com\/sv\/wp-json\/wp\/v2\/posts"}],"about":[{"href":"https:\/\/regencargobikes.com\/sv\/wp-json\/wp\/v2\/types\/post"}],"author":[{"embeddable":true,"href":"https:\/\/regencargobikes.com\/sv\/wp-json\/wp\/v2\/users\/2"}],"replies":[{"embeddable":true,"href":"https:\/\/regencargobikes.com\/sv\/wp-json\/wp\/v2\/comments?post=1600"}],"version-history":[{"count":2,"href":"https:\/\/regencargobikes.com\/sv\/wp-json\/wp\/v2\/posts\/1600\/revisions"}],"predecessor-version":[{"id":1602,"href":"https:\/\/regencargobikes.com\/sv\/wp-json\/wp\/v2\/posts\/1600\/revisions\/1602"}],"wp:featuredmedia":[{"embeddable":true,"href":"https:\/\/regencargobikes.com\/sv\/wp-json\/wp\/v2\/media\/1595"}],"wp:attachment":[{"href":"https:\/\/regencargobikes.com\/sv\/wp-json\/wp\/v2\/media?parent=1600"}],"wp:term":[{"taxonomy":"category","embeddable":true,"href":"https:\/\/regencargobikes.com\/sv\/wp-json\/wp\/v2\/categories?post=1600"},{"taxonomy":"post_tag","embeddable":true,"href":"https:\/\/regencargobikes.com\/sv\/wp-json\/wp\/v2\/tags?post=1600"}],"curies":[{"name":"wp","href":"https:\/\/api.w.org\/{rel}","templated":true}]}}