{"id":1619,"date":"2025-07-02T16:39:15","date_gmt":"2025-07-02T08:39:15","guid":{"rendered":"https:\/\/regencargobikes.com\/?p=1619"},"modified":"2025-07-02T16:40:41","modified_gmt":"2025-07-02T08:40:41","slug":"ebike-tire-size-etroto-and-psi","status":"publish","type":"post","link":"https:\/\/regencargobikes.com\/sv\/ebike-tire-size-etroto-and-psi\/","title":{"rendered":"Hur man l\u00e4ser specifikationer f\u00f6r eBike-d\u00e4ck: F\u00f6rklaring av storlek, ETRTO och PSI"},"content":{"rendered":"<p>Att v\u00e4lja r\u00e4tt d\u00e4ck till din eBike handlar inte bara om att hitta r\u00e4tt storlek som \"ser\" ungef\u00e4r r\u00e4tt ut. Det handlar om att avkoda de siffror och markeringar som \u00e4r tryckta p\u00e5 d\u00e4ckets sidov\u00e4gg och som representerar storlek, struktur, tryckomr\u00e5de och internationella standarder. F\u00f6r lastcyklar och eBikes som uts\u00e4tts f\u00f6r varierande belastning och terr\u00e4ng \u00e4r denna kunskap avg\u00f6rande f\u00f6r att garantera s\u00e4ker, effektiv och l\u00e5ngvarig prestanda.<\/p>\n\n\n\n<p>I den h\u00e4r artikeln kommer vi att g\u00e5 igenom:<\/p>\n\n\n\n<ul class=\"wp-block-list\">\n<li>Hur man l\u00e4ser av d\u00e4ckstorleken (tumbaserat kontra metriskt system)<\/li>\n\n\n\n<li>Vad ETRTO-nummer betyder och varf\u00f6r de \u00e4r viktiga<\/li>\n\n\n\n<li>Rekommenderat d\u00e4cktryck (PSI\/bar) och hur du justerar det<\/li>\n\n\n\n<li>Praktiska exempel p\u00e5 vanliga d\u00e4ckstorlekar f\u00f6r eBikes och lastcyklar<\/li>\n<\/ul>\n\n\n\n<h2 class=\"wp-block-heading\">Varf\u00f6r det \u00e4r viktigt att k\u00e4nna till din d\u00e4ckstorlek<\/h2>\n\n\n\n<p>D\u00e4cken \u00e4r den enda delen av din eBike som r\u00f6r vid marken. Om du g\u00f6r fel kan du r\u00e5ka illa ut:<\/p><div class=\"regen-test-placement-from-wizard-1604397851\" id=\"regen-447502896\"><script async src=\"https:\/\/pagead2.googlesyndication.com\/pagead\/js\/adsbygoogle.js?client=ca-pub-1076230867169041\"\n     crossorigin=\"anonymous\"><\/script><\/div><div class=\"regen-test-placement-from-wizard-2878267818\" id=\"regen-2580720804\"><script async src=\"https:\/\/pagead2.googlesyndication.com\/pagead\/js\/adsbygoogle.js?client=ca-pub-1076230867169041\"\n     crossorigin=\"anonymous\"><\/script><\/div>\n\n\n\n<ul class=\"wp-block-list\">\n<li><strong>D\u00e5lig prestanda:<\/strong>\u00a0L\u00e5ngsam acceleration, minskad r\u00e4ckvidd<\/li>\n\n\n\n<li><strong>S\u00e4kerhetsrisker:<\/strong>\u00a0Bl\u00e5sningar, f\u00e4lgfel, brist p\u00e5 grepp<\/li>\n\n\n\n<li><strong>Inkompatibilitet:<\/strong>\u00a0D\u00e4cket passar inte p\u00e5 f\u00e4lgen, skrapar mot ramen eller kan inte h\u00e5lla lufttrycket<\/li>\n<\/ul>\n\n\n\n<p>Speciellt f\u00f6r lastcyklar, d\u00e4r lastvikten \u00e4r mycket h\u00f6gre \u00e4n f\u00f6r vanliga cyklar, har d\u00e4ckspecifikationerna en direkt inverkan p\u00e5 lastb\u00e4rande f\u00f6rm\u00e5ga, bromsstr\u00e4cka och v\u00e4gh\u00e5llning.<\/p>\n\n\n\n<hr class=\"wp-block-separator has-alpha-channel-opacity\"\/>\n\n\n\n<h2 class=\"wp-block-heading\">1. Inch-baserad vs metrisk d\u00e4ckdimensionering - tv\u00e5 s\u00e4tt att skriva d\u00e4ckdimensioner f\u00f6r Ebike<\/h2>\n\n\n\n<h3 class=\"wp-block-heading\">Inch-systemet (t.ex. 26\u00d72.0):<\/h3>\n\n\n\n<p>Denna traditionella dimensioneringsmetod visar d\u00e4ckets ytterdiameter och bredden i tum. Till exempel<\/p>\n\n\n\n<ul class=\"wp-block-list\">\n<li><strong>26\u00d72.0<\/strong>\u00a0inneb\u00e4r att d\u00e4cket har en ytterdiameter p\u00e5 26 tum och \u00e4r 2,0 tum brett.<\/li>\n\n\n\n<li><strong>27.5\u00d72.4<\/strong>\u00a0eller\u00a0<strong>29\u00d72.6<\/strong>\u00a0f\u00f6lja samma logik.<\/li>\n<\/ul>\n\n\n\n<p>\u00c4ven om systemet \u00e4r intuitivt \u00e4r det inte konsekvent mellan olika m\u00e4rken eftersom \"26 tum\" kanske inte avser den exakta ytterdiametern p\u00e5 grund av skillnader i f\u00e4lg- och vulsts\u00e4te.<\/p>\n\n\n\n<h3 class=\"wp-block-heading\">Det metriska\/ETRTO-systemet (t.ex. 50-559):<\/h3>\n\n\n\n<p>Detta system, som skapats av ETRTO (European Tyre and Rim Technical Organisation), ger mer precision. Det visar:<\/p>\n\n\n\n<ul class=\"wp-block-list\">\n<li><strong>D\u00e4ckbredd i millimeter<\/strong>\u00a0(f\u00f6rsta numret)<\/li>\n\n\n\n<li><strong>P\u00e4rlans sittdiameter (BSD)<\/strong>\u00a0i millimeter (andra siffran)<\/li>\n<\/ul>\n\n\n\n<p><strong>Exempel:<\/strong><\/p>\n\n\n\n<ul class=\"wp-block-list\">\n<li><strong>50-559<\/strong>: 50 mm bredd, 559 mm diameter p\u00e5 p\u00e4rls\u00e4tet (motsvarande 26\u00d72,0)<\/li>\n\n\n\n<li><strong>55-406<\/strong>: 55 mm bredd, 406 mm BSD (ofta f\u00f6rekommande i 20\u2033 lastcyklar)<\/li>\n<\/ul>\n\n\n\n<p><strong>Varf\u00f6r ETRTO \u00e4r viktigt:<\/strong><\/p>\n\n\n\n<ul class=\"wp-block-list\">\n<li>S\u00e4kerst\u00e4ller kompatibilitet mellan d\u00e4ck och f\u00e4lg<\/li>\n\n\n\n<li>Undviker f\u00f6rv\u00e4xling mellan storlekar som ser likadana ut men som inte \u00e4r kompatibla<\/li>\n\n\n\n<li>Viktigt vid byte av d\u00e4cktyp (fat\/slick\/knobby)<\/li>\n<\/ul>\n\n\n\n<p>Om du k\u00f6per fr\u00e5n en seri\u00f6s cykelbutik eller webbutik hj\u00e4lper ETRTO-numren dig att undvika kompatibilitetsproblem.<\/p>\n\n\n\n<figure class=\"wp-block-image size-full\"><img fetchpriority=\"high\" decoding=\"async\" width=\"800\" height=\"668\" src=\"https:\/\/regencargobikes.com\/wp-content\/uploads\/2025\/07\/ETRTO-size-markings-on-the-tire-sidewall-50-559-or-40-622-etc.-clearly-showing-width-and-BSD-diameter.webp\" alt=\"ETRTO-storleksm\u00e4rkning p\u00e5 d\u00e4cksidan (50-559 eller 40-622, etc.) som tydligt visar bredd och BSD-diameter\" class=\"wp-image-1620\" srcset=\"https:\/\/regencargobikes.com\/wp-content\/uploads\/2025\/07\/ETRTO-size-markings-on-the-tire-sidewall-50-559-or-40-622-etc.-clearly-showing-width-and-BSD-diameter.webp 800w, https:\/\/regencargobikes.com\/wp-content\/uploads\/2025\/07\/ETRTO-size-markings-on-the-tire-sidewall-50-559-or-40-622-etc.-clearly-showing-width-and-BSD-diameter-300x251.webp 300w, https:\/\/regencargobikes.com\/wp-content\/uploads\/2025\/07\/ETRTO-size-markings-on-the-tire-sidewall-50-559-or-40-622-etc.-clearly-showing-width-and-BSD-diameter-768x641.webp 768w, https:\/\/regencargobikes.com\/wp-content\/uploads\/2025\/07\/ETRTO-size-markings-on-the-tire-sidewall-50-559-or-40-622-etc.-clearly-showing-width-and-BSD-diameter-14x12.webp 14w\" sizes=\"(max-width: 800px) 100vw, 800px\" \/><figcaption class=\"wp-element-caption\">ETRTO-storleksm\u00e4rkning p\u00e5 d\u00e4cksidan (50-559 eller 40-622, etc.) som tydligt visar bredd och BSD-diameter<\/figcaption><\/figure>\n\n\n\n<hr class=\"wp-block-separator has-alpha-channel-opacity\"\/>\n\n\n\n<h2 class=\"wp-block-heading\">2. Vanliga d\u00e4ckstorlekar f\u00f6r eBike och lastcyklar (exempel)<\/h2>\n\n\n\n<figure class=\"wp-block-table\"><table class=\"has-fixed-layout\"><tbody><tr><th>ETRTO<\/th><th>Inch Etikett<\/th><th>Typisk anv\u00e4ndning<\/th><\/tr><tr><td>50-559<\/td><td>26\u00d72.0<\/td><td>Standard eBike\/MTB f\u00f6r anv\u00e4ndning i stadsmilj\u00f6<\/td><\/tr><tr><td>55-406<\/td><td>20\u00d72.15<\/td><td>Longtail lastcykel bakhjul<\/td><\/tr><tr><td>60-584<\/td><td>27.5\u00d72.4<\/td><td>Framhjul f\u00f6r fullstor last eBike<\/td><\/tr><tr><td>62-203<\/td><td>12.5\u00d72.5<\/td><td>Liten el-trike eller framratt<\/td><\/tr><tr><td>50-622<\/td><td>700x50C<\/td><td>Snabbt rullande eBikes f\u00f6r stadstrafik<\/td><\/tr><\/tbody><\/table><\/figure>\n\n\n\n<p>Att k\u00e4nna till b\u00e5da systemstorlekarna hj\u00e4lper till att undvika missanpassningar n\u00e4r du k\u00f6per utbyten eller uppgraderingar.<\/p>\n\n\n\n<figure class=\"wp-block-image size-full\"><img decoding=\"async\" width=\"900\" height=\"600\" src=\"https:\/\/regencargobikes.com\/wp-content\/uploads\/2025\/07\/ebike-tire-size-guide-.jpg\" alt=\"J\u00e4mf\u00f6relse av tumbaserad och metrisk\/ETRTO-d\u00e4cksdimensionering med anteckningar om diameter, bredd och vulsts\u00e4tesdiameter.\" class=\"wp-image-1623\" srcset=\"https:\/\/regencargobikes.com\/wp-content\/uploads\/2025\/07\/ebike-tire-size-guide-.jpg 900w, https:\/\/regencargobikes.com\/wp-content\/uploads\/2025\/07\/ebike-tire-size-guide--300x200.jpg 300w, https:\/\/regencargobikes.com\/wp-content\/uploads\/2025\/07\/ebike-tire-size-guide--768x512.jpg 768w, https:\/\/regencargobikes.com\/wp-content\/uploads\/2025\/07\/ebike-tire-size-guide--18x12.jpg 18w\" sizes=\"(max-width: 900px) 100vw, 900px\" \/><figcaption class=\"wp-element-caption\"><br><br>J\u00e4mf\u00f6relse av tumbaserad och metrisk\/ETRTO-d\u00e4cksdimensionering med anteckningar om diameter, bredd och vulsts\u00e4tesdiameter.<\/figcaption><\/figure>\n\n\n\t\t<div data-elementor-type=\"section\" data-elementor-id=\"1591\" class=\"elementor elementor-1591\" data-elementor-post-type=\"elementor_library\">\n\t\t\t<div class=\"elementor-element elementor-element-8afca32 e-flex e-con-boxed e-con e-parent\" data-id=\"8afca32\" data-element_type=\"container\" data-e-type=\"container\" data-settings=\"{&quot;background_background&quot;:&quot;classic&quot;,&quot;ekit_has_onepagescroll_dot&quot;:&quot;yes&quot;}\">\n\t\t\t\t\t<div class=\"e-con-inner\">\n\t\t<div class=\"elementor-element elementor-element-24ec346 e-con-full e-flex e-con e-child\" data-id=\"24ec346\" data-element_type=\"container\" data-e-type=\"container\" data-settings=\"{&quot;background_background&quot;:&quot;classic&quot;,&quot;ekit_has_onepagescroll_dot&quot;:&quot;yes&quot;}\">\n\t\t\t\t<div class=\"elementor-element elementor-element-6b475eec elementor-absolute elementor-widget elementor-widget-image\" data-id=\"6b475eec\" data-element_type=\"widget\" data-e-type=\"widget\" data-settings=\"{&quot;_position&quot;:&quot;absolute&quot;}\" data-widget_type=\"image.default\">\n\t\t\t\t<div class=\"elementor-widget-container\">\n\t\t\t\t\t\t\t\t\t\t\t\t\t\t\t<img decoding=\"async\" width=\"800\" height=\"450\" src=\"https:\/\/regencargobikes.com\/wp-content\/uploads\/2025\/03\/RT.651.webp\" class=\"attachment-large size-large wp-image-1522\" alt=\"\" srcset=\"https:\/\/regencargobikes.com\/wp-content\/uploads\/2025\/03\/RT.651.webp 1000w, https:\/\/regencargobikes.com\/wp-content\/uploads\/2025\/03\/RT.651-300x169.webp 300w, https:\/\/regencargobikes.com\/wp-content\/uploads\/2025\/03\/RT.651-768x432.webp 768w, https:\/\/regencargobikes.com\/wp-content\/uploads\/2025\/03\/RT.651-18x10.webp 18w\" sizes=\"(max-width: 800px) 100vw, 800px\" \/>\t\t\t\t\t\t\t\t\t\t\t\t\t\t\t<\/div>\n\t\t\t\t<\/div>\n\t\t\t\t<div class=\"elementor-element elementor-element-48fc00c2 elementor-widget elementor-widget-image\" data-id=\"48fc00c2\" data-element_type=\"widget\" data-e-type=\"widget\" data-widget_type=\"image.default\">\n\t\t\t\t<div class=\"elementor-widget-container\">\n\t\t\t\t\t\t\t\t\t\t\t\t\t\t\t<img loading=\"lazy\" decoding=\"async\" width=\"533\" height=\"330\" src=\"https:\/\/regencargobikes.com\/wp-content\/uploads\/2025\/04\/New-1.png\" class=\"attachment-large size-large wp-image-436\" alt=\"\" srcset=\"https:\/\/regencargobikes.com\/wp-content\/uploads\/2025\/04\/New-1.png 533w, https:\/\/regencargobikes.com\/wp-content\/uploads\/2025\/04\/New-1-300x186.png 300w\" sizes=\"(max-width: 533px) 100vw, 533px\" \/>\t\t\t\t\t\t\t\t\t\t\t\t\t\t\t<\/div>\n\t\t\t\t<\/div>\n\t\t\t\t<\/div>\n\t\t<div class=\"elementor-element elementor-element-25aa7a08 e-con-full e-flex e-con e-child\" data-id=\"25aa7a08\" data-element_type=\"container\" data-e-type=\"container\" data-settings=\"{&quot;ekit_has_onepagescroll_dot&quot;:&quot;yes&quot;}\">\n\t\t\t\t<div class=\"elementor-element elementor-element-3d854eb8 elementor-widget elementor-widget-elementskit-heading\" data-id=\"3d854eb8\" data-element_type=\"widget\" data-e-type=\"widget\" data-widget_type=\"elementskit-heading.default\">\n\t\t\t\t<div class=\"elementor-widget-container\">\n\t\t\t\t\t<div class=\"ekit-wid-con\" ><div class=\"ekit-heading elementskit-section-title-wraper text_left   ekit_heading_tablet-   ekit_heading_mobile-text_center\"><p class=\"elementskit-section-subtitle\">\n\t\t\t\t\t\tEndast 20 MOQ-cyklar f\u00f6r att komma ig\u00e5ng \n\t\t\t\t\t<\/p><p class=\"ekit-heading--title elementskit-section-title\">Anpassningsbar E-Cargo-cykel - RS01 <\/p>\t\t\t\t<div class='ekit-heading__description'>\n\t\t\t\t\t<p class=\"p2\">Oavsett om du \u00e4r ett v\u00e4xande varum\u00e4rke eller en kvartersbutik \u00e4r v\u00e5ra kraftiga lastcyklar din biljett in i den blomstrande v\u00e4rlden av milj\u00f6v\u00e4nliga leveranser. L\u00e5t oss rulla!<\/p>\n\t\t\t\t<\/div>\n\t\t\t<\/div><\/div>\t\t\t\t<\/div>\n\t\t\t\t<\/div>\n\t\t\t\t<div class=\"elementor-element elementor-element-137412e2 elementor-align-left elementor-align--mobilecenter elementor-widget elementor-widget-elementskit-button\" data-id=\"137412e2\" data-element_type=\"widget\" data-e-type=\"widget\" data-widget_type=\"elementskit-button.default\">\n\t\t\t\t<div class=\"elementor-widget-container\">\n\t\t\t\t\t<div class=\"ekit-wid-con\" >\t\t<div class=\"ekit-btn-wraper\">\n\t\t\t\t\t\t\t<a href=\"#elementor-action%3Aaction%3Dpopup%3Aopen%26settings%3DeyJpZCI6IjczNCIsInRvZ2dsZSI6ZmFsc2V9\" class=\"elementskit-btn  whitespace--normal\" id=\"\">\n\t\t\t\t\tBeg\u00e4r en offert\t\t\t\t<\/a>\n\t\t\t\t\t<\/div>\n        <\/div>\t\t\t\t<\/div>\n\t\t\t\t<\/div>\n\t\t\t\t<\/div>\n\t\t\t\t\t<\/div>\n\t\t\t\t<\/div>\n\t\t\t\t<\/div>\n\t\t\n\n\n\n<hr class=\"wp-block-separator has-alpha-channel-opacity\"\/>\n\n\n\n<h2 class=\"wp-block-heading\">3. F\u00f6rst\u00e5 PSI och Bar: D\u00e4cktryck f\u00f6rklarat<\/h2>\n\n\n\n<p>PSI st\u00e5r f\u00f6r&nbsp;<strong>Pund per kvadratcentimeter<\/strong>. Det anger hur h\u00f6gt lufttryck d\u00e4cket kan h\u00e5lla p\u00e5 ett s\u00e4kert s\u00e4tt.<\/p>\n\n\n\n<p>F\u00f6r l\u00e5gt:<\/p>\n\n\n\n<ul class=\"wp-block-list\">\n<li>D\u00e4cket kan k\u00e4nnas mjukt och tr\u00f6gt<\/li>\n\n\n\n<li>H\u00f6gre risk f\u00f6r pinch flats (f\u00e4lgen tr\u00e4ffar marken)<\/li>\n\n\n\n<li>\u00d6kar rullmotst\u00e5ndet<\/li>\n<\/ul>\n\n\n\n<p>F\u00f6r h\u00f6g:<\/p>\n\n\n\n<ul class=\"wp-block-list\">\n<li>Tuff resa<\/li>\n\n\n\n<li>Minskat grepp<\/li>\n\n\n\n<li>Risk f\u00f6r utbl\u00e5sning under tung belastning eller v\u00e4rme<\/li>\n<\/ul>\n\n\n\n<h3 class=\"wp-block-heading\">Var hittar man PSI<\/h3>\n\n\n\n<p>Sidov\u00e4ggen p\u00e5 d\u00e4cket visar ett intervall:<\/p>\n\n\n\n<blockquote class=\"wp-block-quote is-layout-flow wp-block-quote-is-layout-flow\">\n<p><strong>\"Bl\u00e5s upp till 45-65 PSI\"<\/strong>&nbsp;eller&nbsp;<strong>\"Min 2,5 bar \/ Max 4,5 bar\"<\/strong>&nbsp;(metrisk motsvarighet)<\/p>\n<\/blockquote>\n\n\n\n<figure class=\"wp-block-image size-large\"><img loading=\"lazy\" decoding=\"async\" width=\"1024\" height=\"768\" src=\"https:\/\/regencargobikes.com\/wp-content\/uploads\/2025\/07\/Tire-pressure-range-display-e.g.-65\u201385-PSI-1024x768.webp\" alt=\"Visning av d\u00e4cktrycksintervall (t.ex. 65-85 PSI)\" class=\"wp-image-1621\" srcset=\"https:\/\/regencargobikes.com\/wp-content\/uploads\/2025\/07\/Tire-pressure-range-display-e.g.-65\u201385-PSI-1024x768.webp 1024w, https:\/\/regencargobikes.com\/wp-content\/uploads\/2025\/07\/Tire-pressure-range-display-e.g.-65\u201385-PSI-300x225.webp 300w, https:\/\/regencargobikes.com\/wp-content\/uploads\/2025\/07\/Tire-pressure-range-display-e.g.-65\u201385-PSI-768x576.webp 768w, https:\/\/regencargobikes.com\/wp-content\/uploads\/2025\/07\/Tire-pressure-range-display-e.g.-65\u201385-PSI-16x12.webp 16w, https:\/\/regencargobikes.com\/wp-content\/uploads\/2025\/07\/Tire-pressure-range-display-e.g.-65\u201385-PSI.webp 1536w\" sizes=\"(max-width: 1024px) 100vw, 1024px\" \/><figcaption class=\"wp-element-caption\">Visning av d\u00e4cktrycksintervall (t.ex. 65-85 PSI)<\/figcaption><\/figure>\n\n\n\n<h3 class=\"wp-block-heading\">Hur mycket PSI beh\u00f6ver du egentligen?<\/h3>\n\n\n\n<p>Det beror p\u00e5:<\/p>\n\n\n\n<ul class=\"wp-block-list\">\n<li><strong>Vikt f\u00f6rare + last<\/strong>: Tyngre laster kr\u00e4ver h\u00f6gre PSI<\/li>\n\n\n\n<li><strong>D\u00e4ckets bredd<\/strong>: Bredare d\u00e4ck kan anv\u00e4nda l\u00e4gre tryck p\u00e5 ett s\u00e4kert s\u00e4tt<\/li>\n\n\n\n<li><strong>Terr\u00e4ng<\/strong>: L\u00e4gre PSI f\u00f6rb\u00e4ttrar greppet p\u00e5 l\u00f6s terr\u00e4ng; h\u00f6gre PSI rullar b\u00e4ttre p\u00e5 asfalt<\/li>\n\n\n\n<li><strong>V\u00e4der<\/strong>: Kallt v\u00e4der minskar det inre trycket<\/li>\n<\/ul>\n\n\n\n<p><strong>Snabbguide (ungef\u00e4rlig)<\/strong><\/p>\n\n\n\n<figure class=\"wp-block-table\"><table class=\"has-fixed-layout\"><tbody><tr><td>D\u00e4ckstorlek<\/td><td>Typ av last<\/td><td>Rekommenderad PSI<\/td><\/tr><tr><td>20\u00d72.15<\/td><td>L\u00e4tt\/Medium<\/td><td>45-60 PSI<\/td><\/tr><tr><td>26\u00d72.0<\/td><td>Medium\/Tung<\/td><td>50-70 PSI<\/td><\/tr><tr><td>27.5\u00d72.4<\/td><td>Last<\/td><td>55-80 PSI<\/td><\/tr><\/tbody><\/table><\/figure>\n\n\n\n<p>Kontrollera alltid maxv\u00e4rdet p\u00e5 sidov\u00e4ggen och anv\u00e4nd en kvalitetsm\u00e4tare.<\/p>\n\n\n\n<hr class=\"wp-block-separator has-alpha-channel-opacity\"\/>\n\n\n\n<h2 class=\"wp-block-heading\">4. Bonus: Var hittar du dessa siffror?<\/h2>\n\n\n\n<p>D\u00e4ckspecifikationerna \u00e4r gjutna i sidov\u00e4ggsgummit. Leta efter text som:<\/p>\n\n\n\n<ul class=\"wp-block-list\">\n<li><strong>ETRTO<\/strong>: t.ex. 55-559<\/li>\n\n\n\n<li><strong>Tumstorlek<\/strong>: t.ex. 26\u00d72,0<\/li>\n\n\n\n<li><strong>PSI-intervall<\/strong>: t.ex., pumpa upp till 35-65 PSI<\/li>\n\n\n\n<li><strong>M\u00e4rke\/modell<\/strong>: t.ex. Schwalbe Marathon Plus<\/li>\n<\/ul>\n\n\n\n<figure class=\"wp-block-image size-large\"><img loading=\"lazy\" decoding=\"async\" width=\"1024\" height=\"457\" src=\"https:\/\/regencargobikes.com\/wp-content\/uploads\/2025\/07\/Tire-sidewall-graphics-with-50\u201175PSI-indication-1024x457.webp\" alt=\"Grafik p\u00e5 d\u00e4cksidorna med 50-75PSI-indikering\" class=\"wp-image-1622\" srcset=\"https:\/\/regencargobikes.com\/wp-content\/uploads\/2025\/07\/Tire-sidewall-graphics-with-50\u201175PSI-indication-1024x457.webp 1024w, https:\/\/regencargobikes.com\/wp-content\/uploads\/2025\/07\/Tire-sidewall-graphics-with-50\u201175PSI-indication-300x134.webp 300w, https:\/\/regencargobikes.com\/wp-content\/uploads\/2025\/07\/Tire-sidewall-graphics-with-50\u201175PSI-indication-768x343.webp 768w, https:\/\/regencargobikes.com\/wp-content\/uploads\/2025\/07\/Tire-sidewall-graphics-with-50\u201175PSI-indication-1536x686.webp 1536w, https:\/\/regencargobikes.com\/wp-content\/uploads\/2025\/07\/Tire-sidewall-graphics-with-50\u201175PSI-indication-18x8.webp 18w, https:\/\/regencargobikes.com\/wp-content\/uploads\/2025\/07\/Tire-sidewall-graphics-with-50\u201175PSI-indication.webp 1836w\" sizes=\"(max-width: 1024px) 100vw, 1024px\" \/><figcaption class=\"wp-element-caption\">Grafik p\u00e5 d\u00e4cksidorna med 50-75PSI-indikering<\/figcaption><\/figure>\n\n\n\n<hr class=\"wp-block-separator has-alpha-channel-opacity\"\/>\n\n\n\n<h2 class=\"wp-block-heading\">Varf\u00f6r detta \u00e4r viktigt f\u00f6r lastcyklar<\/h2>\n\n\n\n<p>Cargo eBikes v\u00e4ger ofta \u00f6ver 100 kg inklusive f\u00f6rare, lastbox och last. Den extra vikten g\u00f6r att d\u00e4ckprecisionen \u00e4r avg\u00f6rande:<\/p>\n\n\n\n<ul class=\"wp-block-list\">\n<li><strong>D\u00e4ckets bredd<\/strong>\u00a0p\u00e5verkar komfort och stabilitet<\/li>\n\n\n\n<li><strong>Diameter p\u00e5 p\u00e4rlans s\u00e4te<\/strong>\u00a0s\u00e4kerst\u00e4ller korrekt passform<\/li>\n\n\n\n<li><strong>PSI<\/strong>\u00a0p\u00e5verkar rulleffektiviteten och motorns belastning<\/li>\n<\/ul>\n\n\n\n<p>Vi har sett \u00e5kerier som k\u00f6r sista str\u00e4ckan f\u00f6rl\u00e4nga d\u00e4ckens livsl\u00e4ngd med 40% bara f\u00f6r att de k\u00f6rt med f\u00f6r l\u00e5gt d\u00e4cktryck.<\/p>\n\n\n\n<p>Gissa inte - m\u00e4t, kontrollera ETRTO och \u00f6vervaka PSI varje vecka<\/p>\n\n\n\n<h2 class=\"wp-block-heading\">Slutsats<\/h2>\n\n\n\n<p>L\u00e4sa av din eBike eller<a href=\"https:\/\/regencargobikes.com\/sv\/rs01-e-cargo-bike\/\"> lastcykel<\/a> Att k\u00e4nna till d\u00e4ckspecifikationer \u00e4r en grundl\u00e4ggande f\u00e4rdighet som kan r\u00e4dda dig fr\u00e5n kostsamma misstag och os\u00e4kra k\u00f6rf\u00f6rh\u00e5llanden. Genom att f\u00f6rst\u00e5 b\u00e5de tumbaserade och ETRTO-system och hantera ditt PSI p\u00e5 ett klokt s\u00e4tt s\u00e4kerst\u00e4ller du kompatibilitet, komfort och optimal prestanda.<\/p>\n\n\n\n<p>Beh\u00f6ver du hj\u00e4lp med att v\u00e4lja d\u00e4ck f\u00f6r en specifik eBike-modell eller lastupps\u00e4ttning? F\u00f6r <a href=\"https:\/\/regencargobikes.com\/sv\/about\/\" data-type=\"page\" data-id=\"171\">Regen<\/a> team \u00e4r h\u00e4r f\u00f6r att hj\u00e4lpa till.<a href=\"https:\/\/regencargobikes.com\/sv\/contact\/\" data-type=\"page\" data-id=\"177\">n\u00e5 ut till oss<\/a> f\u00f6r personliga rekommendationer och st\u00f6d f\u00f6r komponentmatchning.<\/p>\n\n\n\n<hr class=\"wp-block-separator has-alpha-channel-opacity\"\/>\n\n\n\n<p><strong>Ansvarsfriskrivning f\u00f6r upphovsr\u00e4tt till bild<\/strong><\/p>\n\n\n\n<p>Vissa bilder som anv\u00e4nds p\u00e5 denna webbplats\/artikel kommer fr\u00e5n internet och \u00e4r avsedda enbart i illustrativt och utbildningssyfte f\u00f6r att f\u00f6rb\u00e4ttra f\u00f6rst\u00e5elsen av inneh\u00e5llet. Vi respekterar de ursprungliga skaparnas immateriella r\u00e4ttigheter och str\u00e4var efter att ange k\u00e4llor d\u00e4r s\u00e5 \u00e4r till\u00e4mpligt.<\/p>\n\n\n\n<p>Om du \u00e4r den r\u00e4ttm\u00e4tiga \u00e4garen till n\u00e5gon bild som visas h\u00e4r och anser att dess anv\u00e4ndning utg\u00f6r ett upphovsr\u00e4ttsintr\u00e5ng, v\u00e4nligen kontakta oss p\u00e5 <strong>info@regencargobikes.com<\/strong>Efter verifiering kommer vi omedelbart att ta bort bilden eller ange l\u00e4mplig tillskrivning.<\/p>\n\n\n\n<p>Tack f\u00f6r din f\u00f6rst\u00e5else.<\/p>\n\n\n\n<p>\u00a9<a href=\"https:\/\/regencargobikes.com\/sv\/\" data-type=\"page\" data-id=\"10\"> Regen Technology Co., Ltd.<\/a><\/p>","protected":false},"excerpt":{"rendered":"<p>Choosing the right tire for your eBike isn\u2019t just about finding the right size that &#8220;looks&#8221; about right. It involves decoding the numbers and markings printed on the sidewall of the tire, which represent size, structure, pressure range, and international standards. For cargo bikes and eBikes under varying loads and terrain, this knowledge is critical [&hellip;]<\/p>\n","protected":false},"author":2,"featured_media":1623,"comment_status":"open","ping_status":"closed","sticky":false,"template":"","format":"standard","meta":{"footnotes":""},"categories":[2],"tags":[64,48],"class_list":["post-1619","post","type-post","status-publish","format-standard","has-post-thumbnail","hentry","category-knowledge","tag-bike-tire","tag-e-bike"],"_links":{"self":[{"href":"https:\/\/regencargobikes.com\/sv\/wp-json\/wp\/v2\/posts\/1619","targetHints":{"allow":["GET"]}}],"collection":[{"href":"https:\/\/regencargobikes.com\/sv\/wp-json\/wp\/v2\/posts"}],"about":[{"href":"https:\/\/regencargobikes.com\/sv\/wp-json\/wp\/v2\/types\/post"}],"author":[{"embeddable":true,"href":"https:\/\/regencargobikes.com\/sv\/wp-json\/wp\/v2\/users\/2"}],"replies":[{"embeddable":true,"href":"https:\/\/regencargobikes.com\/sv\/wp-json\/wp\/v2\/comments?post=1619"}],"version-history":[{"count":2,"href":"https:\/\/regencargobikes.com\/sv\/wp-json\/wp\/v2\/posts\/1619\/revisions"}],"predecessor-version":[{"id":1626,"href":"https:\/\/regencargobikes.com\/sv\/wp-json\/wp\/v2\/posts\/1619\/revisions\/1626"}],"wp:featuredmedia":[{"embeddable":true,"href":"https:\/\/regencargobikes.com\/sv\/wp-json\/wp\/v2\/media\/1623"}],"wp:attachment":[{"href":"https:\/\/regencargobikes.com\/sv\/wp-json\/wp\/v2\/media?parent=1619"}],"wp:term":[{"taxonomy":"category","embeddable":true,"href":"https:\/\/regencargobikes.com\/sv\/wp-json\/wp\/v2\/categories?post=1619"},{"taxonomy":"post_tag","embeddable":true,"href":"https:\/\/regencargobikes.com\/sv\/wp-json\/wp\/v2\/tags?post=1619"}],"curies":[{"name":"wp","href":"https:\/\/api.w.org\/{rel}","templated":true}]}}