{"id":1739,"date":"2025-07-17T17:23:16","date_gmt":"2025-07-17T09:23:16","guid":{"rendered":"https:\/\/regencargobikes.com\/?p=1739"},"modified":"2025-07-17T17:23:19","modified_gmt":"2025-07-17T09:23:19","slug":"cargo-bike-front-light-guide","status":"publish","type":"post","link":"https:\/\/regencargobikes.com\/sv\/cargo-bike-front-light-guide\/","title":{"rendered":"Guide till frontljus f\u00f6r lastcykel: F\u00f6rklaring av ljusstyrka, f\u00e4rg och s\u00e4kerhet"},"content":{"rendered":"<p>P\u00e5 Regen, d\u00e4r vi designar och tillverkar kompletta lastcykelsystem f\u00f6r familjer och flottor, f\u00e5r vi ofta fr\u00e5gor om frontbelysning - s\u00e4rskilt n\u00e4r f\u00f6rare b\u00f6rjar pendla i skymningen, navigera i svagt upplysta stadsgr\u00e4nder eller leverera p\u00e5 m\u00f6rkare landsbygdsv\u00e4gar. Belysning handlar inte bara om synlighet, utan \u00e4ven om trafiks\u00e4kerhet, f\u00f6rarens s\u00e4kerhet och till och med batteriets effektivitet.<\/p>\n\n\n\n<p>I den h\u00e4r guiden svarar vi p\u00e5 de vanligaste fr\u00e5gorna om frontljus f\u00f6r lastcyklar, fr\u00e5n hur m\u00e5nga lumen du faktiskt beh\u00f6ver till om 4000 lumen \u00e4r f\u00f6r mycket - allt med st\u00f6d av standarder och verkliga anv\u00e4ndningsfall.<\/p>\n\n\n\n<h2 class=\"wp-block-heading\"><strong><font style=\"vertical-align: inherit;\"><font style=\"vertical-align: inherit;\"><strong>Vad \u00e4r ett framljus p\u00e5 en lastcykel?<\/strong><\/font><\/font><\/strong><\/h2>\n\n\n\n<p>En <strong>frontljus f\u00f6r lastcykel<\/strong> \u00e4r en fram\u00e5triktad belysningsanordning som monteras p\u00e5 styret, gaffelkransen eller lasth\u00e5llaren. Den \u00e4r avsedd f\u00f6r:<\/p><div class=\"regen-test-placement-from-wizard-1604397851\" id=\"regen-1832789752\"><script async src=\"https:\/\/pagead2.googlesyndication.com\/pagead\/js\/adsbygoogle.js?client=ca-pub-1076230867169041\"\n     crossorigin=\"anonymous\"><\/script><\/div><div class=\"regen-test-placement-from-wizard-2878267818\" id=\"regen-2316228917\"><script async src=\"https:\/\/pagead2.googlesyndication.com\/pagead\/js\/adsbygoogle.js?client=ca-pub-1076230867169041\"\n     crossorigin=\"anonymous\"><\/script><\/div>\n\n\n\n<ul class=\"wp-block-list\">\n<li><strong>Aktiv belysning<\/strong> (f\u00f6r att lysa upp ryttarens v\u00e4g)<\/li>\n\n\n\n<li><strong>Passiv synlighet<\/strong> (f\u00f6r att uppm\u00e4rksamma andra p\u00e5 din n\u00e4rvaro)<\/li>\n<\/ul>\n\n\n\n<p>Till skillnad fr\u00e5n vanliga pendlarcyklar kan lastcyklar transportera passagerare eller gods, och de k\u00f6rs ofta med h\u00f6gre laster och hastigheter. Detta g\u00f6r att tillf\u00f6rlitlig frontbelysning inte bara \u00e4r till hj\u00e4lp - utan avg\u00f6rande f\u00f6r <strong>laglighet p\u00e5 v\u00e4g och f\u00f6rarens s\u00e4kerhet<\/strong>.<\/p>\n\n\n\n<figure class=\"wp-block-table\"><table class=\"has-fixed-layout\"><thead><tr><th><strong>Faktor<\/strong><\/th><th><strong>Stadsanv\u00e4ndning<\/strong><\/th><th><strong>Landsbygds- eller stiganv\u00e4ndning<\/strong><\/th><th><strong>Lastcyklar<\/strong><\/th><\/tr><\/thead><tbody><tr><td><strong>Lumens<\/strong><\/td><td>300-500<\/td><td>800-2000+<\/td><td>500-1500<\/td><\/tr><tr><td><strong>Str\u00e5lm\u00f6nster<\/strong><\/td><td>Bred, kort<\/td><td>L\u00e5ng, fokuserad<\/td><td>Bred + mellanregister<\/td><\/tr><tr><td><strong>Montering<\/strong><\/td><td>Styrst\u00e5ng<\/td><td>Gaffel \/ Hj\u00e4lm<\/td><td>Gaffel eller integrerad i stativ<\/td><\/tr><tr><td><strong>Batterityp<\/strong><\/td><td>USB-laddningsbar<\/td><td>Extern packning med h\u00f6g kapacitet<\/td><td>Integrerad med huvudbatteri (f\u00f6r e-cargo-cyklar)<\/td><\/tr><\/tbody><\/table><\/figure>\n\n\n\n<p>F\u00f6r lastcyklar rekommenderar vi en <strong>vidvinkelstr\u00e5le<\/strong> som lyser upp b\u00e5de v\u00e4gen och sidorna - s\u00e4rskilt med en l\u00e5ng frontl\u00e5da som kan kasta skuggor. Integrerade lampor som drar str\u00f6m fr\u00e5n elcykelns huvudbatteri \u00e4r tillf\u00f6rlitliga och praktiska.<\/p>\n\n\n\n<h2 class=\"wp-block-heading\"><strong>Beh\u00f6ver du verkligen ett framljus p\u00e5 en cykel?<\/strong><\/h2>\n\n\n\n<p>Ja - b\u00e5de juridiskt och praktiskt \u00e4r det viktigt med framljus.<\/p>\n\n\n\n<ul class=\"wp-block-list\">\n<li><a href=\"https:\/\/regencargobikes.com\/sv\/cargo-bike-safety-standard-en-17860\/\" data-type=\"post\" data-id=\"416\"><strong>Juridiska krav<\/strong>: I de flesta EU-l\u00e4nder och i Storbritannien \u00e4r det obligatoriskt med ett vitt framljus vid k\u00f6rning p\u00e5 natten eller vid d\u00e5lig sikt (EN 15194 och lokala trafikregler g\u00e4ller).<\/a><\/li>\n\n\n\n<li><strong>Praktisk n\u00f6dv\u00e4ndighet<\/strong>: Det g\u00f6r att andra trafikanter kan se dig och hj\u00e4lper dig att se v\u00e4gen framf\u00f6r dig, s\u00e4rskilt gropar, trottoarkanter eller skr\u00e4p - s\u00e4rskilt viktigt p\u00e5 en lastad lastcykel.<\/li>\n<\/ul>\n\n\n\n<blockquote class=\"wp-block-quote is-layout-flow wp-block-quote-is-layout-flow\">\n<p><strong>Verkligt anv\u00e4ndningsfall<\/strong>: F\u00f6rare av budbilar i st\u00e4der rapporterar ofta att utan en ordentlig framlykta minskar sikten med \u00f6ver 50% efter solnedg\u00e5ngen - \u00e4ven p\u00e5 v\u00e4l upplysta gator.<\/p>\n\n\n\n<h2 class=\"wp-block-heading\"><strong>Kr\u00e4vs det en framlykta p\u00e5 en lastcykel?<\/strong><\/h2>\n\n\n\n<p>Ja, i de flesta europeiska l\u00e4nder och i Storbritannien, <strong>framljus \u00e4r lagstadgade krav<\/strong> f\u00f6r cyklar som anv\u00e4nds p\u00e5 natten eller i d\u00e5ligt synliga milj\u00f6er.<\/p>\n\n\n\n<p>Enligt <strong>EU-f\u00f6rordning EN 15194<\/strong> (f\u00f6r elassisterade trampcyklar):<\/p>\n\n\n\n<ul class=\"wp-block-list\">\n<li>En <strong>vitt eller selektivt gult frontljus<\/strong> m\u00e5ste vara monterad.<\/li>\n\n\n\n<li>Ljuset m\u00e5ste vara synligt fr\u00e5n minst <strong>100 meter<\/strong>.<\/li>\n\n\n\n<li>F\u00f6r v\u00e4ggodk\u00e4nnande g\u00e4ller att ljusk\u00e4glan inte f\u00e5r bl\u00e4nda andra trafikanter (avbl\u00e4ndningsljus).<\/li>\n<\/ul>\n\n\n\n<p>I Tyskland har <strong>StVZO (Stra\u00dfenverkehrs-Zulassungs-Ordnung)<\/strong> standard kr\u00e4ver specifik str\u00e5lformning, ljusstyrka och str\u00f6mk\u00e4llans stabilitet, s\u00e4rskilt f\u00f6r elcyklar.<\/p>\n<\/blockquote>\n\n\n\n<h2 class=\"wp-block-heading\"><strong>Vilken f\u00e4rg ska lampan ha framtill p\u00e5 en cykel?<\/strong><\/h2>\n\n\n\n<p>De <strong>r\u00e4tt f\u00e4rg f\u00f6r en frontlampa<\/strong> \u00e4r antingen:<\/p>\n\n\n\n<p><strong>Selektivt gul<\/strong> (mindre vanligt, anv\u00e4nds vid dimma eller f\u00f6rh\u00e5llanden med l\u00e5g kontrast)<\/p>\n\n\n\n<p><strong>Vit<\/strong> (vanligast och lagligast i alla regioner)<\/p>\n\n\n\n<p>EU:s och Storbritanniens best\u00e4mmelser (EN 15194, StVZO i Tyskland, Road Vehicles Lighting Regulations i Storbritannien) anger att framlyktan m\u00e5ste avge ett fast eller blinkande <strong>vit str\u00e5le<\/strong>.<\/p>\n\n\n\n<blockquote class=\"wp-block-quote is-layout-flow wp-block-quote-is-layout-flow\">\n<p><strong>Viktigt<\/strong>: Bl\u00e5 eller f\u00e4rgade lampor framtill \u00e4r ofta olagliga och kan misstas f\u00f6r utryckningsfordon eller orsaka siktproblem f\u00f6r andra trafikanter.<\/p>\n<\/blockquote>\n\n\n\n<p><strong>Dricks<\/strong>: Varmvitt ljus (f\u00e4rgtemperatur 4000-5000K) \u00e4r bekv\u00e4mare vid m\u00f6rkerk\u00f6rning j\u00e4mf\u00f6rt med skarpa bl\u00e5tonade LED-lampor.<\/p>\n\n\n\n<h2 class=\"wp-block-heading\"><strong>Hur m\u00e5nga lumen b\u00f6r en fr\u00e4mre cykellampa ha?<\/strong><\/h2>\n\n\n\n<p><br>Ljusstyrkan m\u00e4ts i <strong>lumen<\/strong>, som kvantifierar den totala m\u00e4ngden synligt ljus som avges.<\/p>\n\n\n\n<figure class=\"wp-block-table\"><table class=\"has-fixed-layout\"><thead><tr><th><strong>Ridningssituation<\/strong><\/th><th><strong>Minsta rekommenderade ljusstyrka<\/strong><\/th><\/tr><\/thead><tbody><tr><td>Synlighet dagtid (blinkande l\u00e4ge)<\/td><td>200-300 lumen<\/td><\/tr><tr><td>Stadsridning p\u00e5 natten<\/td><td>400-600 lumen<\/td><\/tr><tr><td>Landsbygdsv\u00e4gar eller obelysta v\u00e4gar<\/td><td>800-1500 lumen<\/td><\/tr><tr><td>H\u00f6g hastighet i nedf\u00f6rsbacke \/ tung last<\/td><td>1500-2000+ lumen<\/td><\/tr><\/tbody><\/table><\/figure>\n\n\n\n<p>F\u00f6r <strong>lastcyklar<\/strong>rekommenderar vi vanligtvis <strong>600-1200 lumen<\/strong>, beroende p\u00e5:<\/p>\n\n\n\n<ul class=\"wp-block-list\">\n<li>Om du cyklar p\u00e5 natten<\/li>\n\n\n\n<li>Ljusf\u00f6rh\u00e5llanden p\u00e5 v\u00e4garna<\/li>\n\n\n\n<li>Hastighet och lastvikt (som p\u00e5verkar stopptiden)<\/li>\n<\/ul>\n\n\n\n<p><strong>Proffstips<\/strong>: V\u00e4lj en lampa med justerbar ljusstyrka (t.ex. l\u00e5g-medel-h\u00f6g) f\u00f6r att balansera str\u00f6mf\u00f6rbrukning och synlighet.<\/p>\n\n\n\n<h2 class=\"wp-block-heading\"><strong>\u00c4r 1000 \/ 3000 \/ 4000 lumen f\u00f6r starkt f\u00f6r en cykellampa?<\/strong><\/h2>\n\n\n\n<p>Det beror p\u00e5 - men ja, det <em>kan vara<\/em> f\u00f6r ljus i vissa f\u00f6rh\u00e5llanden.<\/p>\n\n\n\n<figure class=\"wp-block-table\"><table class=\"has-fixed-layout\"><thead><tr><th><strong>Lumen-niv\u00e5<\/strong><\/th><th><strong>Anv\u00e4ndningsfall<\/strong><\/th><th><strong>F\u00f6r ljust?<\/strong><\/th><\/tr><\/thead><tbody><tr><td><strong>1000 lumen<\/strong><\/td><td>Utm\u00e4rkt f\u00f6r lastcyklar och allround-anv\u00e4ndning<\/td><td>\u2705 S\u00e4ker och idealisk<\/td><\/tr><tr><td><strong>3000 lumen<\/strong><\/td><td>L\u00e4mplig f\u00f6r terr\u00e4ngk\u00f6rning eller mycket m\u00f6rka omr\u00e5den<\/td><td>\u26a0\ufe0f Risk f\u00f6r att bl\u00e4nda andra<\/td><\/tr><tr><td><strong>4000+ lumen<\/strong><\/td><td>Extrem ljusstyrka; MTB- eller trail-anv\u00e4ndning<\/td><td>\ud83d\udeab Overkill f\u00f6r v\u00e4ganv\u00e4ndning<\/td><\/tr><\/tbody><\/table><\/figure>\n\n\n\n<p><strong>Varf\u00f6r \u00f6verdriven ljusstyrka kan vara ett problem:<\/strong><\/p>\n\n\n\n<ul class=\"wp-block-list\">\n<li>Bl\u00e4ndar m\u00f6tande cyklister eller f\u00f6rare<\/li>\n\n\n\n<li>Kan strida mot lagstadgade standarder i l\u00e4nder som Tyskland (StVZO-kompatibla lampor begr\u00e4nsar ljusintensiteten)<\/li>\n\n\n\n<li>Sl\u00f6sar energi - laddar ur batteriet p\u00e5 din elcykel eller ditt externa ljuspaket snabbare<\/li>\n<\/ul>\n\n\n\n<p><strong>L\u00f6sning<\/strong>: Leta efter lampor med antireflexlinser eller en avbl\u00e4ndad ljusk\u00e4gla - dessa riktar ljuset ned\u00e5t och lyser upp v\u00e4gen utan att bl\u00e4nda andra.<\/p>\n\n\n\n<h2 class=\"wp-block-heading\"><strong>Typer av <a href=\"https:\/\/regencargobikes.com\/sv\/what-is-a-cargo-bike\/\" data-type=\"post\" data-id=\"1179\">Lastcykel<\/a> Framljus per str\u00f6mk\u00e4lla<\/strong><\/h2>\n\n\n\n<figure class=\"wp-block-table\"><table class=\"has-fixed-layout\"><thead><tr><th><strong>Typ<\/strong><\/th><th><strong>Beskrivning<\/strong><\/th><th><strong>L\u00e4mplig f\u00f6r<\/strong><\/th><\/tr><\/thead><tbody><tr><td><strong>Batteridriven<\/strong><\/td><td>Integrerad litiumjoncell, uppladdningsbar via USB<\/td><td>L\u00e4ttviktsinstallationer, vardaglig anv\u00e4ndning i staden<\/td><\/tr><tr><td><strong>Dynamo-driven<\/strong><\/td><td>Navdriven, energieffektiv, o\u00e4ndlig drifttid<\/td><td>Nyttocyklar, ingen laddning kr\u00e4vs<\/td><\/tr><tr><td><strong>Elcykelsystem som drivs<\/strong><\/td><td>Ansluten till elcykelns huvudbatteri via styrenheten<\/td><td>De flesta moderna lastcyklar med centralt batteri<\/td><\/tr><\/tbody><\/table><\/figure>\n\n\n\n<h2 class=\"wp-block-heading\"><strong>Extra funktioner att leta efter i en frontlampa f\u00f6r lastcykel<\/strong><\/h2>\n\n\n\n<ul class=\"wp-block-list\">\n<li><strong>Integrerat monteringssystem<\/strong>: Speciellt viktigt f\u00f6r frontlastande lastcyklar. En gaffelmonterad eller kuggst\u00e5ngsintegrerad lampa minskar vibrationerna och f\u00f6rb\u00e4ttrar balkstabiliteten.<\/li>\n\n\n\n<li><strong>Vattent\u00e4thetsgrad<\/strong>: \u00c5tminstone IPX4 f\u00f6r regniga pendlingsresor.<\/li>\n\n\n\n<li><strong>Dagtidsk\u00f6rningsl\u00e4ge<\/strong>: F\u00f6rb\u00e4ttrar sikten i dagsljus - vilket blir allt vanligare i flottor som levererar gods.<\/li>\n\n\n\n<li><strong>Integrering av batterier<\/strong>: F\u00f6r e-cargo-cyklar \u00e4r en framlampa som drivs av cykelns huvudbatteri idealisk - f\u00e4rre komponenter att ladda eller hantera.<\/li>\n\n\n\n<li><strong>Standlight-funktion<\/strong>: Vissa avancerade dynamolampor eller integrerade lampor forts\u00e4tter att lysa i n\u00e5gra minuter efter stopp - anv\u00e4ndbart vid r\u00f6dljus eller korta stopp.<\/li>\n<\/ul>\n\n\n\n<h2 class=\"wp-block-heading\"><strong>Juridiska och s\u00e4kerhetsm\u00e4ssiga standarder att ta h\u00e4nsyn till<\/strong><\/h2>\n\n\n\n<p>N\u00e4r du k\u00f6per eller integrerar ett framljussystem ska du kontrollera att det \u00f6verensst\u00e4mmer med kraven:<\/p>\n\n\n\n<ul class=\"wp-block-list\">\n<li><strong>EN 15194<\/strong> - Europeisk s\u00e4kerhetsf\u00f6rordning f\u00f6r elcyklar, inklusive belysningskrav<\/li>\n\n\n\n<li><strong>StVZO<\/strong> - Tysk standard f\u00f6r v\u00e4gbelysning (om du exporterar eller s\u00e4ljer i Tyskland)<\/li>\n\n\n\n<li><strong>UN ECE R113<\/strong> - F\u00f6r ljusbild och ljusspridning, s\u00e4rskilt relevant f\u00f6r st\u00f6rre elfordon<\/li>\n\n\n\n<li><strong>RoHS \/ CE<\/strong> - Elektriska komponenters s\u00e4kerhet och milj\u00f6anpassning<\/li>\n<\/ul>\n\n\n\n<hr class=\"wp-block-separator has-alpha-channel-opacity\"\/>\n\n\n\t\t<div data-elementor-type=\"section\" data-elementor-id=\"1414\" class=\"elementor elementor-1414\" data-elementor-post-type=\"elementor_library\">\n\t\t\t<div class=\"elementor-element elementor-element-7bf5eb01 e-flex e-con-boxed e-con e-parent\" data-id=\"7bf5eb01\" data-element_type=\"container\" data-e-type=\"container\" data-settings=\"{&quot;background_background&quot;:&quot;classic&quot;,&quot;ekit_has_onepagescroll_dot&quot;:&quot;yes&quot;}\">\n\t\t\t\t\t<div class=\"e-con-inner\">\n\t\t<div class=\"elementor-element elementor-element-9fc34e2 e-con-full e-flex e-con e-child\" data-id=\"9fc34e2\" data-element_type=\"container\" data-e-type=\"container\" data-settings=\"{&quot;background_background&quot;:&quot;classic&quot;,&quot;ekit_has_onepagescroll_dot&quot;:&quot;yes&quot;}\">\n\t\t\t\t<div class=\"elementor-element elementor-element-af4e700 elementor-absolute elementor-widget elementor-widget-image\" data-id=\"af4e700\" data-element_type=\"widget\" data-e-type=\"widget\" data-settings=\"{&quot;_position&quot;:&quot;absolute&quot;}\" data-widget_type=\"image.default\">\n\t\t\t\t<div class=\"elementor-widget-container\">\n\t\t\t\t\t\t\t\t\t\t\t\t\t\t\t<img fetchpriority=\"high\" decoding=\"async\" width=\"800\" height=\"422\" src=\"https:\/\/regencargobikes.com\/wp-content\/uploads\/2025\/05\/regen-02-electric-cargo-bike-.webp\" class=\"attachment-large size-large wp-image-1398\" alt=\"Regen 02 elektrisk lastcykel\" srcset=\"https:\/\/regencargobikes.com\/wp-content\/uploads\/2025\/05\/regen-02-electric-cargo-bike-.webp 1000w, https:\/\/regencargobikes.com\/wp-content\/uploads\/2025\/05\/regen-02-electric-cargo-bike--300x158.webp 300w, https:\/\/regencargobikes.com\/wp-content\/uploads\/2025\/05\/regen-02-electric-cargo-bike--768x405.webp 768w, https:\/\/regencargobikes.com\/wp-content\/uploads\/2025\/05\/regen-02-electric-cargo-bike--18x9.webp 18w\" sizes=\"(max-width: 800px) 100vw, 800px\" \/>\t\t\t\t\t\t\t\t\t\t\t\t\t\t\t<\/div>\n\t\t\t\t<\/div>\n\t\t\t\t<\/div>\n\t\t<div class=\"elementor-element elementor-element-7de8cd9d e-con-full e-flex e-con e-child\" data-id=\"7de8cd9d\" data-element_type=\"container\" data-e-type=\"container\" data-settings=\"{&quot;ekit_has_onepagescroll_dot&quot;:&quot;yes&quot;}\">\n\t\t\t\t<div class=\"elementor-element elementor-element-308b8d20 elementor-widget elementor-widget-elementskit-heading\" data-id=\"308b8d20\" data-element_type=\"widget\" data-e-type=\"widget\" data-widget_type=\"elementskit-heading.default\">\n\t\t\t\t<div class=\"elementor-widget-container\">\n\t\t\t\t\t<div class=\"ekit-wid-con\" ><div class=\"ekit-heading elementskit-section-title-wraper text_left   ekit_heading_tablet-   ekit_heading_mobile-text_center\"><h3 class=\"elementskit-section-subtitle\">\n\t\t\t\t\t\tRegen 02 Ellastcykel\n\t\t\t\t\t<\/h3><h2 class=\"ekit-heading--title elementskit-section-title\">Letar du efter en kompakt, anpassningsbar frontlastare f\u00f6r ditt varum\u00e4rke?<\/h2>\t\t\t\t<div class='ekit-heading__description'>\n\t\t\t\t\t<p class=\"p1\">T\u00dcV-testad genom tidigare kundanpassade projekt. Offentligt tillg\u00e4nglig modell \u2013 konfigurerbar, bepr\u00f6vad och redo att skalas upp.<\/p>\n\t\t\t\t<\/div>\n\t\t\t<\/div><\/div>\t\t\t\t<\/div>\n\t\t\t\t<\/div>\n\t\t\t\t<div class=\"elementor-element elementor-element-bf516c8 elementor-align-left elementor-align--mobilecenter elementor-widget elementor-widget-elementskit-button\" data-id=\"bf516c8\" data-element_type=\"widget\" data-e-type=\"widget\" data-widget_type=\"elementskit-button.default\">\n\t\t\t\t<div class=\"elementor-widget-container\">\n\t\t\t\t\t<div class=\"ekit-wid-con\" >\t\t<div class=\"ekit-btn-wraper\">\n\t\t\t\t\t\t\t<a href=\"https:\/\/regencargobikes.com\/sv\/long-john-cargo-bike-regen-02\/\" class=\"elementskit-btn  whitespace--normal\" id=\"\">\n\t\t\t\t\tL\u00e4s mer\t\t\t\t<\/a>\n\t\t\t\t\t<\/div>\n        <\/div>\t\t\t\t<\/div>\n\t\t\t\t<\/div>\n\t\t\t\t<\/div>\n\t\t\t\t\t<\/div>\n\t\t\t\t<\/div>\n\t\t\t\t<\/div>\n\t\t\n\n\n\n<h2 class=\"wp-block-heading\"><strong>Vad k\u00e4nnetecknar en bra framlampa f\u00f6r lastcyklar?<\/strong><\/h2>\n\n\n\n<p>En bra framlampa f\u00f6r lastcyklar \u00e4r avg\u00f6rande f\u00f6r s\u00e4kerheten, s\u00e4rskilt med tanke p\u00e5 lastcyklarnas vanligtvis st\u00f6rre storlek och tyngre laster. H\u00e4r \u00e4r en sammanfattning av vad som g\u00f6r en lampa effektiv:<\/p>\n\n\n\n<h3 class=\"wp-block-heading\"><strong>1. Ljusstyrka (Lumen\/Lux Output):<\/strong><\/h3>\n\n\n\n<ul class=\"wp-block-list\">\n<li><strong>H\u00f6g ljusstyrka:<\/strong> Lastcyklar beh\u00f6ver mycket ljus f\u00f6r att lysa upp v\u00e4gen framf\u00f6r dem, s\u00e4rskilt n\u00e4r de b\u00e4r tung last som kan skymma v\u00e4gen eller n\u00e4r de k\u00f6rs i omr\u00e5den med begr\u00e4nsad gatubelysning. Medan ett minimum p\u00e5 100-200 lumen ofta anges f\u00f6r vanliga cyklar, har lastcyklar stor nytta av h\u00f6gre ljusfl\u00f6den, ofta i storleksordningen <strong>500-1000+ lumenomr\u00e5de<\/strong>, s\u00e4rskilt f\u00f6r oupplysta v\u00e4gar eller stigar. Vissa elcykelspecifika lampor kan till och med ha upp till 1800 lumen eller mer.<\/li>\n\n\n\n<li><strong>Lux kontra lumen:<\/strong> Lumen m\u00e4ter det totala ljusfl\u00f6det, medan lux m\u00e4ter ljusintensiteten p\u00e5 ett visst avst\u00e5nd och i ett visst omr\u00e5de. Lampor som \u00e4r utformade med en bra ljusbild (se nedan) kan ha l\u00e4gre lumen men \u00e4nd\u00e5 ge utm\u00e4rkt belysning d\u00e4r den beh\u00f6vs som mest tack vare optimerad lux.<\/li>\n<\/ul>\n\n\n\n<h3 class=\"wp-block-heading\"><strong>2. Str\u00e5lm\u00f6nster:<\/strong><\/h3>\n\n\n\n<ul class=\"wp-block-list\">\n<li><strong>Bred och j\u00e4mn spridning:<\/strong> Till skillnad fr\u00e5n landsv\u00e4gscyklar, som kan ha nytta av en mer fokuserad ljusk\u00e4gla f\u00f6r hastighet, beh\u00f6ver lastcyklar en bred och j\u00e4mn ljusk\u00e4gla f\u00f6r att belysa det st\u00f6rre omr\u00e5det framf\u00f6r cykeln, inklusive lastutrymmet och eventuella hinder p\u00e5 sidorna.<\/li>\n\n\n\n<li><strong>Avst\u00e4ngningsstr\u00e5le (StVZO-kompatibel):<\/strong> Lampor med en horisontell ljusk\u00e4gla rekommenderas starkt, s\u00e4rskilt om du cyklar i trafiken. Denna design riktar ljuset mot v\u00e4gen och f\u00f6rhindrar att m\u00f6tande cyklister och f\u00f6rare bl\u00e4ndas. Detta \u00e4r en vanlig egenskap hos lampor som uppfyller europeiska krav (StVZO).<\/li>\n\n\n\n<li><strong>Inga heta platser:<\/strong> En bra ljusk\u00e4gla ska vara j\u00e4mn och konsekvent, utan alltf\u00f6r ljusa \"hot spots\" som kan skapa skuggor och minska den totala synligheten.<\/li>\n<\/ul>\n\n\n\n<h3 class=\"wp-block-heading\"><strong>3. Str\u00f6mk\u00e4lla och k\u00f6rtid:<\/strong><\/h3>\n\n\n\n<ul class=\"wp-block-list\">\n<li><strong>Batteridriven (uppladdningsbar):<\/strong> M\u00e5nga moderna cykellampor f\u00f6r lastcyklar \u00e4r USB-laddningsbara. R\u00e4kna med l\u00e5nga drifttider, s\u00e4rskilt om du cyklar l\u00e5nga str\u00e4ckor eller gl\u00f6mmer att ladda ofta. USB-C \u00e4r en bekv\u00e4m laddningsstandard.<\/li>\n\n\n\n<li><strong>Dynamo navdriven:<\/strong> F\u00f6r ultimat bekv\u00e4mlighet och \"alltid p\u00e5\"-belysning \u00e4r ett dynamohubb som \u00e4r integrerat i framhjulet ett utm\u00e4rkt alternativ. Den genererar str\u00f6m n\u00e4r du cyklar och eliminerar behovet av batteriladdning. Detta \u00e4r s\u00e4rskilt popul\u00e4rt p\u00e5 europeiska lastcyklar.<\/li>\n\n\n\n<li><strong>E-Bike Integrerad:<\/strong> Om du har en el-lastcykel ska du leta efter lampor som \u00e4r utformade f\u00f6r att integreras direkt med elcykelns batterisystem. Dessa lampor ger ofta h\u00f6gre effekt och j\u00e4mnare str\u00f6m utan att beh\u00f6va separata batterier. Se till att lampans sp\u00e4nning matchar din elcykels system (t.ex. 12 V, 24 V, 36 V, 48 V).<\/li>\n<\/ul>\n\n\n\n<h3 class=\"wp-block-heading\"><strong>4. Alternativ f\u00f6r montering:<\/strong><\/h3>\n\n\n\n<ul class=\"wp-block-list\">\n<li><strong>S\u00e4ker och stabil:<\/strong> Lastcyklar uts\u00e4tts ofta f\u00f6r mer vibrationer och kraftigare st\u00f6tar. Lampan m\u00e5ste vara s\u00e4kert monterad f\u00f6r att st\u00e5 emot dessa krafter och beh\u00e5lla sitt syfte.<\/li>\n\n\n\n<li><strong>L\u00e4mplig placering:<\/strong> Fundera \u00f6ver var lampan ska monteras p\u00e5 din specifika lastcykel. Vissa lastcyklar har s\u00e4rskilda monteringspunkter, medan andra kan kr\u00e4va kreativa l\u00f6sningar. En h\u00f6gre monteringspunkt kan ofta f\u00f6rb\u00e4ttra sikten f\u00f6r f\u00f6raren och f\u00f6r andra trafikanter.<\/li>\n\n\n\n<li><strong>R\u00f6jning:<\/strong> Se till att lampan inte st\u00f6r last, styrning eller andra tillbeh\u00f6r.<\/li>\n<\/ul>\n\n\n\n<h3 class=\"wp-block-heading\"><strong>5. H\u00e5llbarhet och v\u00e4derbest\u00e4ndighet:<\/strong><\/h3>\n\n\n\n<ul class=\"wp-block-list\">\n<li><strong>Robust konstruktion:<\/strong> En lampa f\u00f6r lastcyklar ska vara byggd f\u00f6r att h\u00e5lla, med ett t\u00e5ligt h\u00f6lje (ofta aluminium) f\u00f6r att klara daglig anv\u00e4ndning och eventuella st\u00f6tar.<\/li>\n\n\n\n<li><strong>Vattent\u00e4t\/v\u00e4dert\u00e5lig:<\/strong> Leta efter en IPX4-klassning eller h\u00f6gre f\u00f6r att s\u00e4kerst\u00e4lla att lampan t\u00e5l regn och st\u00e4nk.<\/li>\n<\/ul>\n\n\n\n<h3 class=\"wp-block-heading\"><strong>6. Ytterligare funktioner:<\/strong><\/h3>\n\n\n\n<ul class=\"wp-block-list\">\n<li><strong>Flera l\u00e4gen:<\/strong> \u00c4ven om en stark konstant ljusk\u00e4gla \u00e4r n\u00f6dv\u00e4ndig f\u00f6r att se, kan blinkande l\u00e4gen \u00f6ka din synlighet f\u00f6r andra under dagtid eller i livliga stadsmilj\u00f6er. Vissa lampor har ocks\u00e5 ett \"adaptivt\" l\u00e4ge som justerar ljusstyrkan utifr\u00e5n det omgivande ljuset.<\/li>\n\n\n\n<li><strong>Belysning f\u00f6r dagsljus (DRL):<\/strong> Studier visar att anv\u00e4ndning av belysning under dagtid kan minska risken f\u00f6r kollisioner avsev\u00e4rt. Ett s\u00e4rskilt DRL-l\u00e4ge, ofta en mindre intensiv men mycket synlig blixt, \u00e4r en v\u00e4rdefull funktion.<\/li>\n\n\n\n<li><strong>Sikt \u00e5t sidan:<\/strong> Lampor med sidoutsk\u00e4rningar eller extra LED-lampor som \u00e4r v\u00e4nda mot sidorna kan f\u00f6rb\u00e4ttra din synlighet fr\u00e5n andra vinklar \u00e4n rakt framifr\u00e5n, vilket \u00e4r viktigt f\u00f6r s\u00e4kerheten i korsningar.<\/li>\n\n\n\n<li><strong>Power Bank Funktionalitet:<\/strong> Vissa batteridrivna lampor fungerar \u00e4ven som powerbanks, s\u00e5 att du kan ladda din telefon eller andra enheter n\u00e4r du \u00e4r p\u00e5 spr\u00e5ng.<\/li>\n\n\n\n<li><strong>Enkelt anv\u00e4ndargr\u00e4nssnitt:<\/strong> Enkla, handskv\u00e4nliga knappar och tydliga l\u00e4gesval \u00e4r ett plus.<\/li>\n\n\n\n<li><\/li>\n<\/ul>\n\n\n\n<h2 class=\"wp-block-heading\"><strong>Var ska framlyktan monteras?<\/strong><\/h2>\n\n\n\n<p>Korrekt positionering garanterar s\u00e4kerhet och undviker skuggning. H\u00e4r \u00e4r n\u00e5gra vanliga alternativ:<\/p>\n\n\n\n<figure class=\"wp-block-table\"><table class=\"has-fixed-layout\"><thead><tr><th><strong>Monteringsposition<\/strong><\/th><th><strong>F\u00f6rdelar<\/strong><\/th><th><strong>Nackdelar<\/strong><\/th><\/tr><\/thead><tbody><tr><td><strong>Monterad p\u00e5 styret<\/strong><\/td><td>L\u00e4tt att installera och justera<\/td><td>Kan skapa skuggor fram\u00e5t om lasten \u00e4r i v\u00e4gen<\/td><\/tr><tr><td><strong>Gaffelkrona<\/strong><\/td><td>Stadig belysning, l\u00e5g bl\u00e4ndning<\/td><td>Kan skaka p\u00e5 oj\u00e4mn terr\u00e4ng<\/td><\/tr><tr><td><strong>Lasth\u00e5llare eller styrr\u00f6r<\/strong><\/td><td>Anpassas till lastens h\u00f6jd<\/td><td>Kr\u00e4ver anpassade f\u00e4sten<\/td><\/tr><\/tbody><\/table><\/figure>\n\n\n\n<p>F\u00f6r frontlastande lastcyklar, <strong>styrets belysning kan vara otillr\u00e4cklig<\/strong>. Vi rekommenderar ofta <strong>dubbla belysningssystem<\/strong>:<\/p>\n\n\n\n<ul class=\"wp-block-list\">\n<li>Prim\u00e4rt ljus p\u00e5 <strong>lasth\u00e5llare eller ram<\/strong><\/li>\n\n\n\n<li>Sekund\u00e4rt ljus p\u00e5 <strong>styrst\u00e5ng<\/strong><\/li>\n<\/ul>\n\n\n\n<h2 class=\"wp-block-heading\"><strong>Hur <a href=\"https:\/\/regencargobikes.com\/sv\/about\/\" data-type=\"page\" data-id=\"171\">Regen <\/a>Hj\u00e4lper till: Modul\u00e4r belysning, integrerad kraftf\u00f6rs\u00f6rjning och efterlevnad<\/strong><\/h2>\n\n\n\n<p>Vi designar Regen-lastcyklar med tanke p\u00e5 integrering av belysning:<\/p>\n\n\n\n<ul class=\"wp-block-list\">\n<li><strong>Anpassad montering av lampor<\/strong> f\u00f6r Long Johns, trehjulingar och genomg\u00e5ngsfordon<\/li>\n\n\n\n<li><strong>Vattent\u00e4t kabeldragning<\/strong> (IP65+) och f\u00f6rkontakterat kablage<\/li>\n\n\n\n<li><strong>Energihantering p\u00e5 systemniv\u00e5<\/strong> f\u00f6r att undvika batteriladdning<\/li>\n\n\n\n<li><strong>StVZO- och EN 15194-kompatibla alternativ<\/strong> f\u00f6r EU-kunder<\/li>\n\n\n\n<li>Valfritt <strong>DRL, v\u00e4xling mellan helljus och halvljus<\/strong>och <strong>automatiska ljussensorer<\/strong><\/li>\n<\/ul>\n\n\n\n<p>Och f\u00f6r OEM\/ODM-partners erbjuder vi <strong>skr\u00e4ddarsydd integration av frontljus<\/strong> beroende p\u00e5 ramgeometri, varum\u00e4rkesestetik och anv\u00e4ndarscenarier.<\/p>\n\n\n\n<p>\ud83d\udce9 <a href=\"https:\/\/regencargobikes.com\/sv\/contact\/\" data-type=\"page\" data-id=\"177\"><strong>Kontakta oss nu<\/strong><\/a> f\u00f6r att diskutera ditt projekt.<\/p>\n\n\n\n<hr class=\"wp-block-separator has-alpha-channel-opacity\"\/>\n\n\n\n<h2 class=\"wp-block-heading\"><strong>Referenser<\/strong><\/h2>\n\n\n\n<ul class=\"wp-block-list\">\n<li>Europeiska standardiseringskommitt\u00e9n (CEN). (2021). <em>EN 15194: Elektriskt drivna cyklar (EPACs) - EPACs - S\u00e4kerhetskrav och provningsmetoder.<\/em><\/li>\n\n\n\n<li>F\u00f6rbundsministeriet f\u00f6r transport och digital infrastruktur (Tyskland). (2022). <em>StVZO - Stra\u00dfenverkehrs-Zulassungs-Ordnung.<\/em><\/li>\n\n\n\n<li>Studie om cykelljusstr\u00e5lningsm\u00f6nster och s\u00e4kerhet - tyska cyklistf\u00f6rbundet (ADFC), 2020.<\/li>\n<\/ul>","protected":false},"excerpt":{"rendered":"<p>At Regen, where we design and manufacture complete cargo bike systems for families and fleets, we often get asked about front lighting \u2014 especially as riders begin commuting at dusk, navigating low-light city alleys, or delivering across darker rural routes. Lighting is not just about visibility; it\u2019s about road legality, rider safety, and even battery [&hellip;]<\/p>\n","protected":false},"author":2,"featured_media":1740,"comment_status":"open","ping_status":"closed","sticky":false,"template":"","format":"standard","meta":{"footnotes":""},"categories":[2],"tags":[],"class_list":["post-1739","post","type-post","status-publish","format-standard","has-post-thumbnail","hentry","category-knowledge"],"_links":{"self":[{"href":"https:\/\/regencargobikes.com\/sv\/wp-json\/wp\/v2\/posts\/1739","targetHints":{"allow":["GET"]}}],"collection":[{"href":"https:\/\/regencargobikes.com\/sv\/wp-json\/wp\/v2\/posts"}],"about":[{"href":"https:\/\/regencargobikes.com\/sv\/wp-json\/wp\/v2\/types\/post"}],"author":[{"embeddable":true,"href":"https:\/\/regencargobikes.com\/sv\/wp-json\/wp\/v2\/users\/2"}],"replies":[{"embeddable":true,"href":"https:\/\/regencargobikes.com\/sv\/wp-json\/wp\/v2\/comments?post=1739"}],"version-history":[{"count":1,"href":"https:\/\/regencargobikes.com\/sv\/wp-json\/wp\/v2\/posts\/1739\/revisions"}],"predecessor-version":[{"id":1741,"href":"https:\/\/regencargobikes.com\/sv\/wp-json\/wp\/v2\/posts\/1739\/revisions\/1741"}],"wp:featuredmedia":[{"embeddable":true,"href":"https:\/\/regencargobikes.com\/sv\/wp-json\/wp\/v2\/media\/1740"}],"wp:attachment":[{"href":"https:\/\/regencargobikes.com\/sv\/wp-json\/wp\/v2\/media?parent=1739"}],"wp:term":[{"taxonomy":"category","embeddable":true,"href":"https:\/\/regencargobikes.com\/sv\/wp-json\/wp\/v2\/categories?post=1739"},{"taxonomy":"post_tag","embeddable":true,"href":"https:\/\/regencargobikes.com\/sv\/wp-json\/wp\/v2\/tags?post=1739"}],"curies":[{"name":"wp","href":"https:\/\/api.w.org\/{rel}","templated":true}]}}