{"id":1763,"date":"2025-07-29T02:36:57","date_gmt":"2025-07-28T18:36:57","guid":{"rendered":"https:\/\/regencargobikes.com\/?p=1763"},"modified":"2025-07-29T02:37:00","modified_gmt":"2025-07-28T18:37:00","slug":"the-strategic-imperative-of-cargo-bikes-in-european-urban-mobility","status":"publish","type":"post","link":"https:\/\/regencargobikes.com\/sv\/the-strategic-imperative-of-cargo-bikes-in-european-urban-mobility\/","title":{"rendered":"Lastcyklarnas strategiska betydelse f\u00f6r r\u00f6rligheten i europeiska st\u00e4der"},"content":{"rendered":"<p>Europeiska st\u00e4der genomg\u00e5r en djupg\u00e5ende omvandling n\u00e4r det g\u00e4ller hur de ser p\u00e5 transport och logistik i st\u00e4derna. Lastcyklar - i synnerhet elektriska lastcyklar (e-cargo bikes) - som en g\u00e5ng betraktades som en nischl\u00f6sning har snabbt utvecklats till en strategisk pelare f\u00f6r h\u00e5llbar, kostnadseffektiv och m\u00e4nniskocentrerad mobilitet. De \u00e4r inte bara ett alternativ till traditionella sk\u00e5pbilar eller lastbilar, utan snarare en katalysator f\u00f6r h\u00e4lsosammare, s\u00e4krare och mer motst\u00e5ndskraftiga stadsmilj\u00f6er.<\/p>\n\n\n\n<p>\u00d6ver hela Europa bidrar lastcyklar till att uppfylla ambiti\u00f6sa klimatm\u00e5l, hantera tr\u00e4ngsel i st\u00e4derna och minska samh\u00e4llskostnaderna f\u00f6r bildominerade stadsbilder. Denna \u00f6verg\u00e5ng st\u00f6ds av en stark marknadstillv\u00e4xt, st\u00f6djande politik och tekniska framsteg som g\u00f6r lastcyklar alltmer konkurrenskraftiga.<\/p>\n\n\n\n<blockquote class=\"wp-block-quote is-layout-flow wp-block-quote-is-layout-flow\">\n<p><\/p>\n<\/blockquote>\n\n\n\n<hr class=\"wp-block-separator has-alpha-channel-opacity\"\/>\n\n\n\n<h2 class=\"wp-block-heading\"><strong>Definition av lastcyklar och deras m\u00e5ngfacetterade f\u00f6rdelar<\/strong><\/h2>\n\n\n\n<p>Lastcyklar \u00e4r specialbyggda cyklar eller trehjulingar som \u00e4r utformade f\u00f6r att transportera gods, passagerare eller utrustning ut\u00f6ver vad en konventionell cykel kan hantera. De eldrivna varianterna (e-cargo bikes) har batteridriven pedalassistans, vilket g\u00f6r att de kan b\u00e4ra tyngre laster och f\u00e4rdas l\u00e4ngre str\u00e4ckor med mindre fysisk anstr\u00e4ngning.<\/p><div class=\"regen-test-placement-from-wizard-1604397851\" id=\"regen-443128229\"><script async src=\"https:\/\/pagead2.googlesyndication.com\/pagead\/js\/adsbygoogle.js?client=ca-pub-1076230867169041\"\n     crossorigin=\"anonymous\"><\/script><\/div><div class=\"regen-test-placement-from-wizard-2878267818\" id=\"regen-2008436790\"><script async src=\"https:\/\/pagead2.googlesyndication.com\/pagead\/js\/adsbygoogle.js?client=ca-pub-1076230867169041\"\n     crossorigin=\"anonymous\"><\/script><\/div>\n\n\n\n<p>Fr\u00e5n att ha varit begr\u00e4nsade till sm\u00e5skaliga leveranspiloter eller familjeanv\u00e4ndning spelar lastcyklar nu en central roll f\u00f6r logistik och mobilitet i st\u00e4derna. Deras stora dragningskraft ligger i en kombination av milj\u00f6m\u00e4ssiga, ekonomiska, operativa och sociala f\u00f6rdelar som str\u00e4cker sig l\u00e5ngt utanf\u00f6r transportsektorn.<\/p>\n\n\n\n<hr class=\"wp-block-separator has-alpha-channel-opacity\"\/>\n\n\n\n<p><\/p>\n\n\n\n<h3 class=\"wp-block-heading\"><strong>F\u00f6rdelar f\u00f6r milj\u00f6n: Utsl\u00e4ppsfri godstransport i st\u00e4der<\/strong><\/h3>\n\n\n\n<p>Lastcyklar \u00e4r ett direkt svar p\u00e5 det akuta behovet av att minska koldioxidutsl\u00e4ppen fr\u00e5n stadstransporter. Till skillnad fr\u00e5n konventionella dieselbilar har e-cargo-cyklar inga utsl\u00e4pp fr\u00e5n avgasr\u00f6r, vilket dramatiskt minskar koldioxidavtrycket.<\/p>\n\n\n\n<ul class=\"wp-block-list\">\n<li>En studie i London visade att lastcyklar producerar <strong>96% mindre CO\u2082-utsl\u00e4pp per kilometer \u00e4n eldrivna sk\u00e5pbilar<\/strong> och upp till <strong>90% mindre \u00e4n dieseldrivna sk\u00e5pbilar<\/strong>.<\/li>\n\n\n\n<li>I Amsterdam \u00e4r stadens <em>Cykellogistik<\/em> projekt ersatt <strong>7% av resor med kommersiell sk\u00e5pbil<\/strong>, sk\u00e4rande <strong>16 000 ton \u00e5rliga CO\u2082-utsl\u00e4pp<\/strong>-motsvarigheten till att ta bort <strong>3.500 bilar<\/strong> fr\u00e5n gatorna.<\/li>\n<\/ul>\n\n\n\n<p>Dessa milj\u00f6f\u00f6rdelar har kaskadeffekter. Renare luft bidrar till f\u00f6rb\u00e4ttrad folkh\u00e4lsa, medan minskat buller g\u00f6r det l\u00e4ttare att bo i st\u00e4derna.<\/p>\n\n\n\n<blockquote class=\"wp-block-quote is-layout-flow wp-block-quote-is-layout-flow\">\n<figure class=\"wp-block-image size-large\"><img fetchpriority=\"high\" decoding=\"async\" width=\"1024\" height=\"471\" src=\"https:\/\/regencargobikes.com\/wp-content\/uploads\/2025\/07\/In-Amsterdam-the-citys-Cycle-Logistics-project-replaced-7-of-commercial-van-trips-cutting-16000-tonnes-of-annual-CO\u2082-emissions\u2014the-equivalent-of-removing-3500-cars-from-the-streets-1024x471.webp\" alt=\"\" class=\"wp-image-1764\" srcset=\"https:\/\/regencargobikes.com\/wp-content\/uploads\/2025\/07\/In-Amsterdam-the-citys-Cycle-Logistics-project-replaced-7-of-commercial-van-trips-cutting-16000-tonnes-of-annual-CO\u2082-emissions\u2014the-equivalent-of-removing-3500-cars-from-the-streets-1024x471.webp 1024w, https:\/\/regencargobikes.com\/wp-content\/uploads\/2025\/07\/In-Amsterdam-the-citys-Cycle-Logistics-project-replaced-7-of-commercial-van-trips-cutting-16000-tonnes-of-annual-CO\u2082-emissions\u2014the-equivalent-of-removing-3500-cars-from-the-streets-300x138.webp 300w, https:\/\/regencargobikes.com\/wp-content\/uploads\/2025\/07\/In-Amsterdam-the-citys-Cycle-Logistics-project-replaced-7-of-commercial-van-trips-cutting-16000-tonnes-of-annual-CO\u2082-emissions\u2014the-equivalent-of-removing-3500-cars-from-the-streets-768x353.webp 768w, https:\/\/regencargobikes.com\/wp-content\/uploads\/2025\/07\/In-Amsterdam-the-citys-Cycle-Logistics-project-replaced-7-of-commercial-van-trips-cutting-16000-tonnes-of-annual-CO\u2082-emissions\u2014the-equivalent-of-removing-3500-cars-from-the-streets-1536x706.webp 1536w, https:\/\/regencargobikes.com\/wp-content\/uploads\/2025\/07\/In-Amsterdam-the-citys-Cycle-Logistics-project-replaced-7-of-commercial-van-trips-cutting-16000-tonnes-of-annual-CO\u2082-emissions\u2014the-equivalent-of-removing-3500-cars-from-the-streets-18x8.webp 18w, https:\/\/regencargobikes.com\/wp-content\/uploads\/2025\/07\/In-Amsterdam-the-citys-Cycle-Logistics-project-replaced-7-of-commercial-van-trips-cutting-16000-tonnes-of-annual-CO\u2082-emissions\u2014the-equivalent-of-removing-3500-cars-from-the-streets.webp 1766w\" sizes=\"(max-width: 1024px) 100vw, 1024px\" \/><\/figure>\n<\/blockquote>\n\n\n\n<hr class=\"wp-block-separator has-alpha-channel-opacity\"\/>\n\n\n\n<p><\/p>\n\n\n\n<h3 class=\"wp-block-heading\"><strong>Ekonomisk och operativ effektivitet: Omdefiniering av stadsleveranser<\/strong><\/h3>\n\n\n\n<p>Ur ett aff\u00e4rsm\u00e4ssigt perspektiv inneb\u00e4r lastcyklar \u00f6vertygande ekonomiska f\u00f6rdelar. Flera studier och pilotprojekt har visat att el-lastcyklar \u00e4r b\u00e4ttre \u00e4n sk\u00e5pbilar i t\u00e4ta stadsmilj\u00f6er.<\/p>\n\n\n\n<ul class=\"wp-block-list\">\n<li>Lastcyklar kan minska leveranskostnaderna genom att <strong>upp till 90%<\/strong> n\u00e4r man r\u00e4knar med br\u00e4nsle, parkering och underh\u00e5ll.<\/li>\n\n\n\n<li>I Milano visade ett pilotprogram en <strong>23% f\u00f6rkortning av leveranstider<\/strong> och en <strong>40% minskning av driftskostnaderna<\/strong> f\u00f6r sista milen-logistik j\u00e4mf\u00f6rt med sk\u00e5pbilar.<\/li>\n\n\n\n<li>I \u00f6verbelastade stadsk\u00e4rnor levererar lastcyklar paket <strong>30% snabbare<\/strong> och kan slutf\u00f6ra <strong>20-25 leveranser per timme<\/strong>, j\u00e4mf\u00f6rt med endast <strong>12 leveranser per timme<\/strong> f\u00f6r sk\u00e5pbilar.<\/li>\n<\/ul>\n\n\n\n<p>Lastcyklarnas f\u00f6rm\u00e5ga att h\u00e5lla f\u00f6ruts\u00e4gbara servicetider, \u00e4ven i trafikerade omr\u00e5den, g\u00f6r det m\u00f6jligt f\u00f6r f\u00f6retag att optimera leveransscheman och \u00f6ka kundn\u00f6jdheten.<\/p>\n\n\n\n<blockquote class=\"wp-block-quote is-layout-flow wp-block-quote-is-layout-flow\">\n<p><\/p>\n<\/blockquote>\n\n\n\n<hr class=\"wp-block-separator has-alpha-channel-opacity\"\/>\n\n\n\n<p><\/p>\n\n\n\n<h3 class=\"wp-block-heading\"><strong>Minskad tr\u00e4ngsel och f\u00f6rb\u00e4ttrad tillg\u00e4nglighet i st\u00e4derna<\/strong><\/h3>\n\n\n\n<p>Lastcyklar \u00e4r unikt l\u00e4mpade f\u00f6r att navigera p\u00e5 tr\u00e5nga stadsgator, g\u00e5gator och i l\u00e5gutsl\u00e4ppszoner (LEZ) d\u00e4r st\u00f6rre fordon drabbas av straffavgifter eller direkta restriktioner.<\/p>\n\n\n\n<p>Deras kompakta storlek g\u00f6r att de kan kringg\u00e5 trafikk\u00f6er och n\u00e5 trottoarkanter utan att blockera v\u00e4gar eller cykelbanor. Genom att ers\u00e4tta sk\u00e5pbilar frig\u00f6r lastcyklar v\u00e4rdefullt stadsutrymme, minskar antalet dubbelparkeringar och lindrar trafikstockningar - en f\u00f6rdel som b\u00e5de st\u00e4der och f\u00f6retag v\u00e4rdes\u00e4tter h\u00f6gt.<\/p>\n\n\n\n<hr class=\"wp-block-separator has-alpha-channel-opacity\"\/>\n\n\n\n<p><\/p>\n\n\n\n<h3 class=\"wp-block-heading\"><strong>Sociala och h\u00e4lsom\u00e4ssiga f\u00f6rdelar: S\u00e4krare och mer aktiva st\u00e4der<\/strong><\/h3>\n\n\n\n<p>Ut\u00f6ver milj\u00f6m\u00e4ssiga och ekonomiska vinster genererar lastcyklar betydande sociala f\u00f6rdelar:<\/p>\n\n\n\n<ol start=\"1\" class=\"wp-block-list\">\n<li><strong>Fr\u00e4mja aktivt resande:<\/strong> Ett \u00f6kat cyklande fr\u00e4mjar en h\u00e4lsosammare livsstil och bygger upp en cykelkultur i st\u00e4derna.<\/li>\n\n\n\n<li><strong>S\u00e4krare gator:<\/strong> Lastcyklar f\u00e4rdas i l\u00e4gre hastigheter \u00e4n motoriserade fordon, vilket minskar risken f\u00f6r och allvaret i trafikolyckor.<\/li>\n\n\n\n<li><strong>Folkh\u00e4lsa:<\/strong> Renare luft och mindre buller bidrar till att \u00f6ka v\u00e4lbefinnandet i samh\u00e4llet.<\/li>\n<\/ol>\n\n\n\n<p>Londons <strong>Nollvisionen<\/strong> S\u00e4kerhetsstrategin \u00e4r till exempel n\u00e4ra kopplad till inf\u00f6randet av lastcyklar eftersom dessa fordon minskar trafikrisken f\u00f6r fotg\u00e4ngare och andra cyklister.<\/p>\n\n\n\n<blockquote class=\"wp-block-quote is-layout-flow wp-block-quote-is-layout-flow\">\n<p><\/p>\n<\/blockquote>\n\n\n\n<hr class=\"wp-block-separator has-alpha-channel-opacity\"\/>\n\n\n\n<p><\/p>\n\n\n\n<h3 class=\"wp-block-heading\"><strong>En sj\u00e4lvf\u00f6rst\u00e4rkande cykel av f\u00f6rdelar<\/strong><\/h3>\n\n\n\n<p>Dessa m\u00e5ngfacetterade f\u00f6rdelar fungerar i synergi. F\u00f6retag \u00e5terinvesterar besparingarna fr\u00e5n lastcykelleveranser i att ut\u00f6ka sina gr\u00f6na flottor, vilket ytterligare minskar tr\u00e4ngsel och utsl\u00e4pp. Renare och s\u00e4krare gator uppmuntrar fler m\u00e4nniskor att cykla, vilket \u00f6kar efterfr\u00e5gan p\u00e5 cykelinfrastruktur och normaliserar anv\u00e4ndningen av lastcyklar.<\/p>\n\n\n\n<p>Stadspolitik som syftar till att fr\u00e4mja lastcyklar b\u00f6r d\u00e4rf\u00f6r ta h\u00e4nsyn till <strong>holistiskt syns\u00e4tt<\/strong>, som utnyttjar milj\u00f6m\u00e4ssiga, ekonomiska och sociala f\u00f6rdelar samtidigt f\u00f6r att maximera effekten.<\/p>\n\n\n\n<hr class=\"wp-block-separator has-alpha-channel-opacity\"\/>\n\n\n\n<p><\/p>\n\n\n\n<h2 class=\"wp-block-heading\"><strong>\u00d6versikt \u00f6ver den europeiska marknaden f\u00f6r e-cargo-cyklar: Aktuell status och tillv\u00e4xtprognoser (2024-2034)<\/strong><\/h2>\n\n\n\n<p>Den europeiska marknaden f\u00f6r e-lastcyklar har g\u00e5tt in i en period av explosiv tillv\u00e4xt, vilket \u00e5terspeglar dess \u00f6kande betydelse i strategier f\u00f6r r\u00f6rlighet i st\u00e4der.<\/p>\n\n\n\n<ul class=\"wp-block-list\">\n<li><strong>Marknadsv\u00e4rde \u00e5r 2024:<\/strong> USD <strong>2,01 miljarder kronor<\/strong><\/li>\n\n\n\n<li><strong>Ber\u00e4knat marknadsv\u00e4rde \u00e5r 2034:<\/strong> USD <strong>37,24 miljarder kronor<\/strong><\/li>\n\n\n\n<li><strong>GENOMSNITTLIG \u00c5RLIG TILLV\u00c4XTTAKT:<\/strong> <strong>33.90% (2024-2034)<\/strong><\/li>\n<\/ul>\n\n\n\n<p>En separat analys f\u00f6rutsp\u00e5r att marknaden kommer att v\u00e4xa fr\u00e5n <strong>1,16 miljarder USD \u00e5r 2025 till 1,6 miljarder USD \u00e5r 2029<\/strong>, vilket inneb\u00e4r en mer konservativ men fortfarande betydande <strong>8.51% CAGR<\/strong>.<\/p>\n\n\n\n<p>Denna upp\u00e5tg\u00e5ende bana drivs p\u00e5 av flera samverkande krafter:<\/p>\n\n\n\n<ol start=\"1\" class=\"wp-block-list\">\n<li><strong>Prioriteringar f\u00f6r h\u00e5llbar mobilitet:<\/strong> St\u00e4der och f\u00f6retag prioriterar transporter med l\u00e5ga koldioxidutsl\u00e4pp.<\/li>\n\n\n\n<li><strong>Reglerande tryck:<\/strong> Str\u00e4ngare milj\u00f6standarder, som den europeiska gr\u00f6na given, p\u00e5skyndar elektrifieringen av fordonsflottan.<\/li>\n\n\n\n<li><strong>Kostnadseffektiv logistik:<\/strong> Efterfr\u00e5gan p\u00e5 prisv\u00e4rda l\u00f6sningar f\u00f6r sista milen-leveranser \u00e4r rekordh\u00f6g.<\/li>\n<\/ol>\n\n\n\n<blockquote class=\"wp-block-quote is-layout-flow wp-block-quote-is-layout-flow\">\n<p><\/p>\n<\/blockquote>\n\n\n\n<hr class=\"wp-block-separator has-alpha-channel-opacity\"\/>\n\n\n\n<p><\/p>\n\n\n\n<h3 class=\"wp-block-heading\"><strong>Regionala ledare: V\u00e4steuropa i framkant<\/strong><\/h3>\n\n\n\n<p>V\u00e4steuropa dominerar marknaden f\u00f6r e-cargo-cyklar, med Tyskland, Nederl\u00e4nderna, Danmark och Frankrike som ledande l\u00e4nder.<\/p>\n\n\n\n<ul class=\"wp-block-list\">\n<li><strong>Tyskland:<\/strong> H\u00e5ller <strong>44% av den europeiska marknaden (2024)<\/strong>tack vare starka cykeltraditioner, en ambiti\u00f6s klimatpolitik och investeringar i cykelinfrastruktur som skyddade cykelbanor och s\u00e4kra parkeringsm\u00f6jligheter.<\/li>\n\n\n\n<li><strong>Nederl\u00e4nderna och Danmark:<\/strong> Dessa cykelnationer drar nytta av decennier av infrastrukturutveckling, vilket g\u00f6r dem till idealiska milj\u00f6er f\u00f6r utbredd anv\u00e4ndning av e-lastcyklar.<\/li>\n\n\n\n<li><strong>Frankrike:<\/strong> Paris och andra franska st\u00e4der ut\u00f6kar snabbt sina initiativ f\u00f6r lastcyklar som en del av bredare mobilitets- och klimatstrategier.<\/li>\n<\/ul>\n\n\n\n<hr class=\"wp-block-separator has-alpha-channel-opacity\"\/>\n\n\n\n<p><\/p>\n\n\n\n<h3 class=\"wp-block-heading\"><strong>Branschlandskap: Olika akt\u00f6rer driver innovation<\/strong><\/h3>\n\n\n\n<p>Marknaden best\u00e5r av en dynamisk mix av etablerade cykeltillverkare, nystartade f\u00f6retag inom elektrisk mobilitet och specialiserade lastcykeltillverkare. Ledande f\u00f6retag inkluderar:<\/p>\n\n\n\n<ul class=\"wp-block-list\">\n<li><strong>Urban pil<\/strong><\/li>\n\n\n\n<li><strong>Riese &amp; M\u00fcller<\/strong><\/li>\n\n\n\n<li><strong>Tern Cyklar<\/strong><\/li>\n\n\n\n<li><strong>Slaktare och cyklar<\/strong><\/li>\n\n\n\n<li><strong>Rad Power Cyklar<\/strong><\/li>\n\n\n\n<li><strong>Babboe<\/strong><\/li>\n<\/ul>\n\n\n\n<p>Dessa varum\u00e4rken investerar kraftigt i <strong>produktdiversifiering<\/strong>och erbjuder modeller som t.ex:<\/p>\n\n\n\n<ol start=\"1\" class=\"wp-block-list\">\n<li><strong><a href=\"https:\/\/regencargobikes.com\/sv\/what-is-a-long-john-cargo-bike\/\" data-type=\"post\" data-id=\"1411\">Lastcyklar med l\u00e5ng svans<\/a>:<\/strong> F\u00f6rl\u00e4ngda bakre paketh\u00e5llare f\u00f6r transport av flera barn eller skrymmande f\u00f6rem\u00e5l.<\/li>\n\n\n\n<li><strong><a href=\"https:\/\/regencargobikes.com\/sv\/rs01-e-cargo-bike\/\" data-type=\"page\" data-id=\"933\">Frontlastare (Bakfiets) Design<\/a>:<\/strong> Stora l\u00e5dor framtill f\u00f6r tyngre eller \u00f6mt\u00e5ligare gods.<\/li>\n\n\n\n<li><strong>Trehjuliga Cargo Trikes:<\/strong> St\u00f6rre lastkapacitet och stabilitet, perfekt f\u00f6r kommersiella transporter.<\/li>\n<\/ol>\n\n\n\n<p>Framsteg inom <strong>batteriteknik, elmotorer och l\u00e4ttviktsramar<\/strong> g\u00f6r lastcyklar mer h\u00e5llbara, p\u00e5litliga och m\u00e5ngsidiga \u00e4n n\u00e5gonsin.<\/p>\n\n\n\n<blockquote class=\"wp-block-quote is-layout-flow wp-block-quote-is-layout-flow\">\n<p><strong>F\u00f6rslag till bild:<\/strong> Ett m\u00e4rkt collage som visar olika design p\u00e5 e-lastcyklar (longtail, frontloader och tricycle) fr\u00e5n ledande europeiska varum\u00e4rken.<\/p>\n<\/blockquote>\n\n\n\n<hr class=\"wp-block-separator has-alpha-channel-opacity\"\/>\n\n\n\n<p><\/p>\n\n\n\n<h3 class=\"wp-block-heading\"><strong>Marknadsutveckling och specialisering<\/strong><\/h3>\n\n\n\n<p>Lastcykelbranschen h\u00e5ller p\u00e5 att mogna till ett frist\u00e5ende segment som skiljer sig fr\u00e5n den bredare cykelbranschen. Bevis p\u00e5 detta skifte kan ses i lanseringen av <strong>Mobifuture<\/strong>, en specialiserad m\u00e4ssa f\u00f6r elektrisk och urban mobilitet som samlokaliseras med <strong>Eurobike<\/strong> fr\u00e5n och med 2026.<\/p>\n\n\n\n<p>Detta nya evenemang kommer att lyfta fram lastcyklar som en viktig del av Europas framtida mobilitet och sammanf\u00f6ra tillverkare, beslutsfattare och flottoperat\u00f6rer. I takt med att de privata investeringarna \u00f6kar och stordriftsf\u00f6rdelarna sl\u00e5r igenom f\u00f6rv\u00e4ntas sektorn bli alltmer sj\u00e4lvf\u00f6rs\u00f6rjande och minska beroendet av offentliga subventioner.<\/p>\n\n\n\n<blockquote class=\"wp-block-quote is-layout-flow wp-block-quote-is-layout-flow\">\n<p><strong>F\u00f6rslag till bild:<\/strong> Foto av en livlig utst\u00e4llningshall p\u00e5 Eurobike med innovativa lastcykelmodeller och n\u00e4tverkande mellan branschfolk.<\/p>\n<\/blockquote>\n\n\n\n<hr class=\"wp-block-separator has-alpha-channel-opacity\"\/>\n\n\n\n<p><\/p>\n\n\n\n<h2 class=\"wp-block-heading\"><strong>Slutsats: Lastcyklar som en h\u00f6rnsten i den europeiska stadstrafiken<\/strong><\/h2>\n\n\n\n<p>Lastcyklar ger omv\u00e4lvande resultat f\u00f6r st\u00e4der, f\u00f6retag och samh\u00e4llen. De minskar dramatiskt utsl\u00e4ppen av v\u00e4xthusgaser, s\u00e4nker logistikkostnaderna och f\u00f6rb\u00e4ttrar stadslivet genom s\u00e4krare gator och b\u00e4ttre offentliga utrymmen.<\/p>\n\n\n\n<p>Europas marknad f\u00f6r e-cargo-cyklar \u00e4r p\u00e5 en brant upp\u00e5tg\u00e5ende bana och v\u00e4xer fr\u00e5n <strong>2,01 miljarder USD \u00e5r 2024 till 37,24 miljarder USD \u00e5r 2034<\/strong>. Denna expansion drivs av fram\u00e5tblickande politik, teknisk innovation och en f\u00f6r\u00e4ndring i allm\u00e4nhetens attityder till h\u00e5llbara transporter.<\/p>\n\n\n\n<p>F\u00f6r beslutsfattare \u00e4r investeringar i infrastruktur och incitament f\u00f6r lastcyklar inte bara en milj\u00f6handling - det \u00e4r ett strategiskt beslut om r\u00f6rlighet i st\u00e4der med l\u00e5ngsiktiga sociala och ekonomiska f\u00f6rdelar. F\u00f6r f\u00f6retag \u00e4r lastcyklar en tydlig konkurrensf\u00f6rdel n\u00e4r det g\u00e4ller att uppfylla kundernas f\u00f6rv\u00e4ntningar p\u00e5 snabba, tillf\u00f6rlitliga och milj\u00f6v\u00e4nliga leveranser.<\/p>\n\n\n\n<p>I takt med att st\u00e4derna forts\u00e4tter att brottas med tr\u00e4ngsel, klimatf\u00f6r\u00e4ndringar och folkh\u00e4lsoproblem framst\u00e5r lastcyklar som en bepr\u00f6vad och skalbar l\u00f6sning som kan omforma den europeiska stadstrafiken under de kommande decennierna.<\/p>\n\n\n\n<p><\/p>","protected":false},"excerpt":{"rendered":"<p>European cities are undergoing a profound transformation in how they approach urban transportation and logistics. Once regarded as a niche solution, cargo bikes\u2014particularly electric cargo bikes (e-cargo bikes)\u2014have rapidly evolved into a strategic pillar for sustainable, cost-effective, and people-centric mobility. They are not merely an alternative to traditional delivery vans or trucks; rather, they are [&hellip;]<\/p>\n","protected":false},"author":2,"featured_media":1630,"comment_status":"closed","ping_status":"closed","sticky":false,"template":"","format":"standard","meta":{"footnotes":""},"categories":[2],"tags":[],"class_list":["post-1763","post","type-post","status-publish","format-standard","has-post-thumbnail","hentry","category-knowledge"],"_links":{"self":[{"href":"https:\/\/regencargobikes.com\/sv\/wp-json\/wp\/v2\/posts\/1763","targetHints":{"allow":["GET"]}}],"collection":[{"href":"https:\/\/regencargobikes.com\/sv\/wp-json\/wp\/v2\/posts"}],"about":[{"href":"https:\/\/regencargobikes.com\/sv\/wp-json\/wp\/v2\/types\/post"}],"author":[{"embeddable":true,"href":"https:\/\/regencargobikes.com\/sv\/wp-json\/wp\/v2\/users\/2"}],"replies":[{"embeddable":true,"href":"https:\/\/regencargobikes.com\/sv\/wp-json\/wp\/v2\/comments?post=1763"}],"version-history":[{"count":1,"href":"https:\/\/regencargobikes.com\/sv\/wp-json\/wp\/v2\/posts\/1763\/revisions"}],"predecessor-version":[{"id":1765,"href":"https:\/\/regencargobikes.com\/sv\/wp-json\/wp\/v2\/posts\/1763\/revisions\/1765"}],"wp:featuredmedia":[{"embeddable":true,"href":"https:\/\/regencargobikes.com\/sv\/wp-json\/wp\/v2\/media\/1630"}],"wp:attachment":[{"href":"https:\/\/regencargobikes.com\/sv\/wp-json\/wp\/v2\/media?parent=1763"}],"wp:term":[{"taxonomy":"category","embeddable":true,"href":"https:\/\/regencargobikes.com\/sv\/wp-json\/wp\/v2\/categories?post=1763"},{"taxonomy":"post_tag","embeddable":true,"href":"https:\/\/regencargobikes.com\/sv\/wp-json\/wp\/v2\/tags?post=1763"}],"curies":[{"name":"wp","href":"https:\/\/api.w.org\/{rel}","templated":true}]}}