{"id":1950,"date":"2026-06-05T05:34:42","date_gmt":"2026-06-04T21:34:42","guid":{"rendered":"https:\/\/regencargobikes.com\/specialized-turbo-levo-price-cut-2026\/"},"modified":"2026-06-05T05:34:42","modified_gmt":"2026-06-04T21:34:42","slug":"specialized-turbo-levo-price-cut-2026","status":"publish","type":"post","link":"https:\/\/regencargobikes.com\/sv\/specialized-turbo-levo-price-cut-2026\/","title":{"rendered":"Specialized s\u00e4nker permanent Turbo Levo E-MTB-priserna i Nordamerika"},"content":{"rendered":"<p>Specialized har gjort ett stort prisdrag p\u00e5 den nordamerikanska marknaden f\u00f6r elektriska mountainbikes. I b\u00f6rjan av maj 2026 meddelade f\u00f6retaget \u00e5terf\u00f6rs\u00e4ljare i USA och Kanada att man permanent skulle s\u00e4nka butikspriserna p\u00e5 stora delar av Turbo Levo-sortimentet.<\/p>\n<figure class=\"wp-block-image size-full\"><img decoding=\"async\" src=\"https:\/\/regencargobikes.com\/wp-content\/uploads\/2026\/06\/specialized-levo-brain.jpg\" alt=\"Specialized Turbo Levo elektrisk mountainbike produktbild som anv\u00e4nds i Bicycle Retailer-bevakningen\"\/><figcaption>Bildk\u00e4lla: Bicycle Retailer and Industry News, med hj\u00e4lp av Specialized produktbilder.<\/figcaption><\/figure>\n<p>Huvudsiffran \u00e4r stor: vissa modeller \u00e4r nu upp till 27 procent billigare \u00e4n tidigare. F\u00f6r cyklister som har f\u00f6ljt high-end eMTB p\u00e5 avst\u00e5nd \u00e4r detta ingen s\u00e4songsrea. Det \u00e4r en ny priss\u00e4ttningsstruktur.<\/p>\n<p>Den praktiska inneb\u00f6rden \u00e4r enkel. Premium elektriska mountainbikes r\u00f6r sig in i en mer prisk\u00e4nslig fas, och \u00e4ven etablerade varum\u00e4rken anpassar sig till en marknad d\u00e4r k\u00f6pare har fler alternativ och starkare f\u00f6rv\u00e4ntningar p\u00e5 v\u00e4rde.<\/p><div id=\"regen-580398294\" class=\"regen-test-placement-from-wizard-2878267818 regen-entity-placement\"><script async src=\"https:\/\/pagead2.googlesyndication.com\/pagead\/js\/adsbygoogle.js?client=ca-pub-1076230867169041\"\n     crossorigin=\"anonymous\"><\/script><\/div><div id=\"regen-2822960627\" class=\"regen-test-placement-from-wizard-1604397851 regen-entity-placement\"><script async src=\"https:\/\/pagead2.googlesyndication.com\/pagead\/js\/adsbygoogle.js?client=ca-pub-1076230867169041\"\n     crossorigin=\"anonymous\"><\/script><\/div>\n<h2>Vad som f\u00f6r\u00e4ndrades<\/h2>\n<p>Enligt Bicycle Retailer and Industry News s\u00e4nkte Specialized rekommenderade butikspriser p\u00e5 Turbo Levo-modeller i Nordamerika med 6 till 27 procent, och \u00e4ven grossistpriserna s\u00e4nktes.<\/p>\n<p>Den st\u00f6rsta s\u00e4nkningen g\u00e4ller enligt uppgift Levo R S-Works. Dess rekommenderade butikspris sj\u00f6nk fr\u00e5n 15 650 USD till 11 500 USD, en s\u00e4nkning p\u00e5 4 150 USD.<\/p>\n<p>Inte varje modell f\u00f6r\u00e4ndrades. Rapporter s\u00e4ger att Levo 4 LTD och Levo 4 Comp Carbon inte ingick i samma prisjustering.<\/p>\n<p>F\u00f6r\u00e4ndringen g\u00e4ller USA och Kanada. Europeiska priser p\u00e5verkades inte av denna nordamerikanska uppdatering.<\/p>\n<h2>Varf\u00f6r Specialized s\u00e4nker priserna<\/h2>\n<p>Specialized beskrev beslutet som en strukturell prisjustering snarare \u00e4n en kortsiktig kampanj.<\/p>\n<p>F\u00f6retaget h\u00e4nvisade till f\u00f6rb\u00e4ttringar i leveranskedjan och produktionskostnader f\u00f6r Levo-plattformen, samtidigt som man erk\u00e4nde att marknaden har blivit mer konkurrensutsatt.<\/p>\n<p>Den andra punkten spelar roll. Premium eMTB-kategorin har varit under press fr\u00e5n nyare varum\u00e4rken som erbjuder starka specifikationer till l\u00e4gre priser. K\u00f6pare j\u00e4mf\u00f6r nu fj\u00e4dring, motoreffekt, batterikapacitet, mjukvara och service st\u00f6d mer aggressivt \u00e4n f\u00f6r n\u00e5gra \u00e5r sedan.<\/p>\n<p>F\u00f6r ett etablerat varum\u00e4rke kan en priss\u00e4nkning tj\u00e4na tv\u00e5 syften samtidigt:<\/p>\n<ul>\n<li>s\u00e4nka intr\u00e4desbarri\u00e4ren f\u00f6r cyklister som \u00f6verv\u00e4ger en h\u00f6gpresterande eMTB<\/li>\n<li>h\u00e5lla \u00e5terf\u00f6rs\u00e4ljarlager i r\u00f6relse utan att produkten k\u00e4nns som en tillf\u00e4llig reautrymning<\/li>\n<li>f\u00f6rsvara marknadspositionen mot aggressiva nya konkurrenter<\/li>\n<li>\u00e5terst\u00e4lla k\u00f6parnas f\u00f6rv\u00e4ntningar inf\u00f6r n\u00e4sta produktcykel<\/li>\n<\/ul>\n<h2>Befintliga k\u00f6pare och \u00e5terf\u00f6rs\u00e4ljare f\u00e5r st\u00f6d<\/h2>\n<p>Specialized skapade ocks\u00e5 st\u00f6dprogram f\u00f6r k\u00f6pare och \u00e5terf\u00f6rs\u00e4ljare som p\u00e5verkats av tidpunkten f\u00f6r f\u00f6r\u00e4ndringen.<\/p>\n<p>\u00c5terf\u00f6rs\u00e4ljare som k\u00f6pte ber\u00f6rt lager mellan 1 februari och 7 maj 2026 kan delta i ett lagerkreditprogram. Konsumenter som k\u00f6pte en Turbo Levo mellan 1 januari och 7 maj 2026 kan ocks\u00e5 vara ber\u00e4ttigade till kredit mot nya Specialized-produkter.<\/p>\n<p>Det spelar roll eftersom permanenta priss\u00e4nkningar kan frustrera tidiga k\u00f6pare och l\u00e4mna \u00e5terf\u00f6rs\u00e4ljare med lager k\u00f6pt till gamla priser. Kompensationsprogram \u00e4r ett s\u00e4tt att minska den friktionen.<\/p>\n<h2>Vad detta inneb\u00e4r f\u00f6r e-MTB-marknaden<\/h2>\n<p>Turbo Levo har l\u00e4nge varit en av de mest k\u00e4nda premium eMTB-plattformarna. N\u00e4r ett varum\u00e4rke p\u00e5 den niv\u00e5n permanent s\u00e4nker priserna skickar det en bredare signal till marknaden.<\/p>\n<p>Det troliga budskapet \u00e4r att premium eMTB inte l\u00e4ngre kan f\u00f6rlita sig enbart p\u00e5 varum\u00e4rkesstyrka och h\u00f6ga specifikationslistor. K\u00f6pare vill ha hela paketet: prestanda, tillf\u00f6rlitlighet, \u00e5terf\u00f6rs\u00e4ljarst\u00f6d och ett pris som k\u00e4nns f\u00f6rsvarbart mot nyare konkurrenter.<\/p>\n<p>F\u00f6r cyklister \u00e4r resultatet positivt p\u00e5 kort sikt. Ett l\u00e4gre pris g\u00f6r h\u00f6gpresterande trail-\u00e5kning mer tillg\u00e4nglig. F\u00f6r \u00e5terf\u00f6rs\u00e4ljare kan f\u00f6r\u00e4ndringen hj\u00e4lpa till att omvandla shoppare som tidigare gillade Levo men inte kunde motivera det gamla priset.<\/p>\n<p>F\u00f6r branschen \u00e4r det ytterligare ett tecken p\u00e5 att elcykelboomen blir mer disciplinerad. Varum\u00e4rken pressas att matcha produktambitioner med realistiska priser, b\u00e4ttre lagerkontroll och tydligare v\u00e4rde.<\/p>\n<h2>K\u00e4llor<\/h2>\n<ul>\n<li>Bicycle Retailer and Industry News: <a href=\"https:\/\/www.bicycleretailer.com\/industry-news\/2026\/05\/07\/specialized-unveils-drastic-price-reduction-plan-retailers-turbo-levo\" target=\"_blank\" rel=\"noopener\">Specialized avsl\u00f6jar drastisk prisreduktionsplan f\u00f6r \u00e5terf\u00f6rs\u00e4ljare f\u00f6r Turbo Levo<\/a><\/li>\n<li>Singletracks: <a href=\"https:\/\/www.singletracks.com\/mtb-gear\/specialized-drops-us-prices-on-turbo-levo-emtbs-in-permanent-shift\/\" target=\"_blank\" rel=\"noopener\">Specialized s\u00e4nker USA-priser p\u00e5 Turbo Levo eMTB i permanent f\u00f6r\u00e4ndring<\/a><\/li>\n<\/ul>","protected":false},"excerpt":{"rendered":"<p>Specialized har permanent s\u00e4nkt priserna i Nordamerika p\u00e5 stora delar av sin Turbo Levo-serie av elektriska mountainbikes, d\u00e4r vissa modeller har s\u00e4nkts med s\u00e5 mycket som 27 procent. F\u00f6r\u00e4ndringen \u00e5terspeglar l\u00e4gre plattformskostnader, \u00f6kande prispress i eMTB-kategorin och en mer konkurrensutsatt marknad f\u00f6r premium elektriska mountainbikes.<\/p>","protected":false},"author":2,"featured_media":1948,"comment_status":"","ping_status":"","sticky":false,"template":"","format":"standard","meta":{"footnotes":""},"categories":[33],"tags":[],"class_list":["post-1950","post","type-post","status-publish","format-standard","has-post-thumbnail","hentry","category-ebike-news"],"_links":{"self":[{"href":"https:\/\/regencargobikes.com\/sv\/wp-json\/wp\/v2\/posts\/1950","targetHints":{"allow":["GET"]}}],"collection":[{"href":"https:\/\/regencargobikes.com\/sv\/wp-json\/wp\/v2\/posts"}],"about":[{"href":"https:\/\/regencargobikes.com\/sv\/wp-json\/wp\/v2\/types\/post"}],"author":[{"embeddable":true,"href":"https:\/\/regencargobikes.com\/sv\/wp-json\/wp\/v2\/users\/2"}],"replies":[{"embeddable":true,"href":"https:\/\/regencargobikes.com\/sv\/wp-json\/wp\/v2\/comments?post=1950"}],"version-history":[{"count":0,"href":"https:\/\/regencargobikes.com\/sv\/wp-json\/wp\/v2\/posts\/1950\/revisions"}],"wp:featuredmedia":[{"embeddable":true,"href":"https:\/\/regencargobikes.com\/sv\/wp-json\/wp\/v2\/media\/1948"}],"wp:attachment":[{"href":"https:\/\/regencargobikes.com\/sv\/wp-json\/wp\/v2\/media?parent=1950"}],"wp:term":[{"taxonomy":"category","embeddable":true,"href":"https:\/\/regencargobikes.com\/sv\/wp-json\/wp\/v2\/categories?post=1950"},{"taxonomy":"post_tag","embeddable":true,"href":"https:\/\/regencargobikes.com\/sv\/wp-json\/wp\/v2\/tags?post=1950"}],"curies":[{"name":"wp","href":"https:\/\/api.w.org\/{rel}","templated":true}]}}