{"id":1956,"date":"2026-06-05T05:36:11","date_gmt":"2026-06-04T21:36:11","guid":{"rendered":"https:\/\/regencargobikes.com\/rad-power-bikes-life-ev-acquisition\/"},"modified":"2026-06-05T05:36:11","modified_gmt":"2026-06-04T21:36:11","slug":"rad-power-bikes-life-ev-acquisition","status":"publish","type":"post","link":"https:\/\/regencargobikes.com\/sv\/rad-power-bikes-life-ev-acquisition\/","title":{"rendered":"Rad Power Bikes-varum\u00e4rket forts\u00e4tter efter Life EV-f\u00f6rv\u00e4rvet"},"content":{"rendered":"<p>Rad Power Bikes kommer att forts\u00e4tta under nytt \u00e4gande efter en av de mest dramatiska nedg\u00e5ngarna p\u00e5 den nordamerikanska elcykelmarknaden.<\/p>\n<figure class=\"wp-block-image size-full\"><img decoding=\"async\" src=\"https:\/\/regencargobikes.com\/wp-content\/uploads\/2026\/06\/rad-life-ev-official-banner-original.png\" alt=\"Rad Power Bikes officiella f\u00f6rv\u00e4rvsmeddelande bild\"\/><figcaption>Bildk\u00e4lla: Rad Power Bikes officiella tillk\u00e4nnagivande, \"Life EV slutf\u00f6r Rad Power Bikes tillg\u00e5ngsf\u00f6rv\u00e4rv.\"<\/figcaption><\/figure>\n<p>Life Electric Vehicles, \u00e4ven k\u00e4nt som Life EV, har slutf\u00f6rt ett domstolsgodk\u00e4nt f\u00f6rv\u00e4rv av Rad Power Bikes tillg\u00e5ngar. Aff\u00e4ren inkluderar varum\u00e4rket, immateriella r\u00e4ttigheter, lager och relaterade operativa tillg\u00e5ngar.<\/p>\n<p>Det rapporterade priset var cirka 13,2 miljoner USD. Den siffran \u00e4r sl\u00e5ende eftersom Rad Power Bikes en g\u00e5ng v\u00e4rderades till mer \u00e4n 1,6 miljarder USD under elcykelboomen.<\/p><div id=\"regen-514622653\" class=\"regen-test-placement-from-wizard-2878267818 regen-entity-placement\"><script async src=\"https:\/\/pagead2.googlesyndication.com\/pagead\/js\/adsbygoogle.js?client=ca-pub-1076230867169041\"\n     crossorigin=\"anonymous\"><\/script><\/div><div id=\"regen-4009071542\" class=\"regen-test-placement-from-wizard-1604397851 regen-entity-placement\"><script async src=\"https:\/\/pagead2.googlesyndication.com\/pagead\/js\/adsbygoogle.js?client=ca-pub-1076230867169041\"\n     crossorigin=\"anonymous\"><\/script><\/div>\n<p>Det korta svaret \u00e4r att Rad inte f\u00f6rsvinner, men det \u00e4r inte l\u00e4ngre samma h\u00f6gv\u00e4xande startup-historia. Det \u00e4r nu ett turnaround-fall.<\/p>\n<h2>Vad h\u00e4nde<\/h2>\n<p>Rad Power Bikes ans\u00f6kte om konkursbeskydd efter \u00e5r av ekonomisk press. Life EV framstod som vinnande budgivare i f\u00f6rs\u00e4ljningsprocessen och har nu slutf\u00f6rt f\u00f6rv\u00e4rvet.<\/p>\n<p>Enligt GeekWire, Bicycle Retailer and Industry News och Rads eget tillk\u00e4nnagivande planerar Life EV att h\u00e5lla Rad Power Bikes varum\u00e4rke i drift.<\/p>\n<p>Den nya \u00e4garen har sagt att man kommer att uppr\u00e4tth\u00e5lla USA-baserad detaljhandelsverksamhet och hedra vissa kund\u00e5taganden, inklusive ber\u00e4ttigade garantier och presentkorts\u00e5taganden enligt k\u00f6peavtalet.<\/p>\n<h2>Varf\u00f6r Rad f\u00f6ll s\u00e5 l\u00e5ngt<\/h2>\n<p>Rad Power Bikes blev ett av de mest k\u00e4nda direkt-till-konsument-elcykelm\u00e4rkena i Nordamerika genom att s\u00e4lja praktiska stads- och nyttocyklar till \u00f6verkomliga priser.<\/p>\n<p>Under pandemins cykelboom fungerade den modellen extremt v\u00e4l. Efterfr\u00e5gan sk\u00f6t i h\u00f6jden, investerare pumpade in kapital och Rad expanderade snabbt.<\/p>\n<p>Men samma tillv\u00e4xtmodell blev sv\u00e5rare att hantera n\u00e4r f\u00f6rh\u00e5llandena \u00e4ndrades:<\/p>\n<ul>\n<li>efterfr\u00e5gan efter pandemin svalnade<\/li>\n<li>lager blev sv\u00e5rare att balansera<\/li>\n<li>tullar och leveranskedjekostnader pressade marginalerna<\/li>\n<li>garanti- och s\u00e4kerhets\u00e5taganden blev dyrare<\/li>\n<li>direkt-till-konsument-servicest\u00f6d blev sv\u00e5rare i stor skala<\/li>\n<\/ul>\n<p>Den mest synliga kontrasten \u00e4r v\u00e4rderingen. Rad samlade in hundratals miljoner dollar och n\u00e5dde en toppv\u00e4rdering p\u00e5 cirka 1,65 miljarder USD. Det slutliga tillg\u00e5ngsf\u00f6rs\u00e4ljningspriset var cirka 13,2 miljoner USD.<\/p>\n<h2>Vad Life EV planerar att g\u00f6ra<\/h2>\n<p>Life EV \u00e4r inte ny p\u00e5 f\u00f6rv\u00e4rv av elcykelm\u00e4rken. F\u00f6retaget f\u00f6rv\u00e4rvade tidigare Serial 1, det premium elcykelm\u00e4rke som ursprungligen lanserades av Harley-Davidson.<\/p>\n<p>F\u00f6r Rad har Life EV signalerat ett mer operativt fokuserat tillv\u00e4gag\u00e5ngss\u00e4tt. F\u00f6retaget s\u00e4ger att man vill bevara varum\u00e4rket samtidigt som man bygger om kring service, leveranskedjekontroll och USA-baserad verksamhet.<\/p>\n<p>En viktig del av den planen \u00e4r inhemsk montering. Life EV och relaterad tillverkningsverksamhet har pekat p\u00e5 Tennessee som en framtida bas f\u00f6r USA-baserad monteringsaktivitet.<\/p>\n<p>Det kan hj\u00e4lpa till att minska tull-exponeringen och ge f\u00f6retaget mer kontroll \u00f6ver kvalitet, delarfl\u00f6de och kundsupport.<\/p>\n<h2>Vad kunder b\u00f6r veta<\/h2>\n<p>Befintliga Rad Power Bikes-\u00e4gare b\u00f6r inte anta att varum\u00e4rket har f\u00f6rsvunnit. F\u00f6retaget s\u00e4ger att varum\u00e4rket kommer att forts\u00e4tta, men kunder m\u00e5ste fortfarande kontrollera detaljerna kring vilket st\u00f6d som g\u00e4ller f\u00f6r deras specifika k\u00f6p.<\/p>\n<p>Nyckelpunkterna \u00e4r:<\/p>\n<ul>\n<li>Rads detaljhandelsverksamhet f\u00f6rv\u00e4ntas forts\u00e4tta<\/li>\n<li>vissa garantif\u00f6rpliktelser kan hedras enligt k\u00f6peavtalet<\/li>\n<li>ber\u00e4ttigade presentkort kan fortfarande vara anv\u00e4ndbara<\/li>\n<li>deltillg\u00e4nglighet och servicepolicy b\u00f6r kontrolleras via officiella Rad-kanaler<\/li>\n<\/ul>\n<p>F\u00f6r kunder \u00e4r den viktiga fr\u00e5gan inte bara om varum\u00e4rkesnamnet \u00f6verlever. Det \u00e4r om delar, service och garantist\u00f6d blir f\u00f6ruts\u00e4gbara igen.<\/p>\n<h2>Branschens slutsats<\/h2>\n<p>Rads historia \u00e4r en varning om h\u00e5rdvarutillv\u00e4xt.<\/p>\n<p>Ett elcykelf\u00f6retag kan v\u00e4xa snabbt n\u00e4r efterfr\u00e5gan \u00e4r het, men l\u00e5ngsiktig \u00f6verlevnad beror p\u00e5 lagerdisciplin, kvalitetskontroll, efterf\u00f6rs\u00e4ljningsservice och kassafl\u00f6deshantering. Det \u00e4r sv\u00e5rare \u00e4n kundf\u00f6rv\u00e4rv och kapitalanskaffning.<\/p>\n<p>Life EV-f\u00f6rv\u00e4rvet ger Rad en v\u00e4g fram\u00e5t. Om det blir en varaktig comeback beror p\u00e5 genomf\u00f6randet: b\u00e4ttre support, b\u00e4ttre leveranskedjekontroll och en produktlinje som passar den nuvarande marknaden snarare \u00e4n pandemiboomen.<\/p>\n<h2>K\u00e4llor<\/h2>\n<ul>\n<li>GeekWire: <a href=\"https:\/\/www.geekwire.com\/2026\/rad-power-bikes-brand-will-live-on-as-life-ev-completes-acquisition-of-seattle-e-bike-makers-assets\/\" target=\"_blank\" rel=\"noopener\">Rad Power Bikes varum\u00e4rke kommer att leva vidare n\u00e4r Life EV slutf\u00f6r f\u00f6rv\u00e4rvet<\/a><\/li>\n<li>Bicycle Retailer and Industry News: <a href=\"https:\/\/www.bicycleretailer.com\/industry-news\/2026\/03\/06\/rad-power-bikes-sale-life-ev-completed\" target=\"_blank\" rel=\"noopener\">Rad Power Bikes f\u00f6rs\u00e4ljning till Life EV slutf\u00f6rd<\/a><\/li>\n<li>Rad Power Bikes: <a href=\"https:\/\/www.radpowerbikes.com\/blogs\/the-scenic-route\/life-ev-completes-rad-power-bikes-asset-acquisition\" target=\"_blank\" rel=\"noopener\">Life EV slutf\u00f6r Rad Power Bikes tillg\u00e5ngsf\u00f6rv\u00e4rv<\/a><\/li>\n<\/ul>","protected":false},"excerpt":{"rendered":"<p>Life Electric Vehicles has completed its court-approved acquisition of Rad Power Bikes assets, keeping the once-dominant North American e-bike brand alive after bankruptcy. The deal values Rad&#8217;s remaining assets at about USD 13.2 million, far below the company&#8217;s pandemic-era valuation.<\/p>","protected":false},"author":2,"featured_media":1954,"comment_status":"","ping_status":"","sticky":false,"template":"","format":"standard","meta":{"footnotes":""},"categories":[33],"tags":[],"class_list":["post-1956","post","type-post","status-publish","format-standard","has-post-thumbnail","hentry","category-ebike-news"],"_links":{"self":[{"href":"https:\/\/regencargobikes.com\/sv\/wp-json\/wp\/v2\/posts\/1956","targetHints":{"allow":["GET"]}}],"collection":[{"href":"https:\/\/regencargobikes.com\/sv\/wp-json\/wp\/v2\/posts"}],"about":[{"href":"https:\/\/regencargobikes.com\/sv\/wp-json\/wp\/v2\/types\/post"}],"author":[{"embeddable":true,"href":"https:\/\/regencargobikes.com\/sv\/wp-json\/wp\/v2\/users\/2"}],"replies":[{"embeddable":true,"href":"https:\/\/regencargobikes.com\/sv\/wp-json\/wp\/v2\/comments?post=1956"}],"version-history":[{"count":0,"href":"https:\/\/regencargobikes.com\/sv\/wp-json\/wp\/v2\/posts\/1956\/revisions"}],"wp:featuredmedia":[{"embeddable":true,"href":"https:\/\/regencargobikes.com\/sv\/wp-json\/wp\/v2\/media\/1954"}],"wp:attachment":[{"href":"https:\/\/regencargobikes.com\/sv\/wp-json\/wp\/v2\/media?parent=1956"}],"wp:term":[{"taxonomy":"category","embeddable":true,"href":"https:\/\/regencargobikes.com\/sv\/wp-json\/wp\/v2\/categories?post=1956"},{"taxonomy":"post_tag","embeddable":true,"href":"https:\/\/regencargobikes.com\/sv\/wp-json\/wp\/v2\/tags?post=1956"}],"curies":[{"name":"wp","href":"https:\/\/api.w.org\/{rel}","templated":true}]}}